{"id":10125,"date":"2022-09-09T19:30:07","date_gmt":"2022-09-09T19:30:07","guid":{"rendered":"https:\/\/www.zsmasaryk.cz\/?p=10125"},"modified":"2022-10-02T19:32:54","modified_gmt":"2022-10-02T19:32:54","slug":"jak-se-dela-auto","status":"publish","type":"post","link":"https:\/\/www.zsmasaryk.cz\/index.php\/2022\/09\/09\/jak-se-dela-auto\/","title":{"rendered":"JAK SE D\u011aL\u00c1 AUTO?"},"content":{"rendered":"\t\t<div data-elementor-type=\"wp-post\" data-elementor-id=\"10125\" class=\"elementor elementor-10125\">\n\t\t\t\t\t\t<section class=\"elementor-section elementor-top-section elementor-element elementor-element-5f6dd4b5 elementor-section-boxed elementor-section-height-default elementor-section-height-default\" data-id=\"5f6dd4b5\" data-element_type=\"section\" data-e-type=\"section\">\n\t\t\t\t\t\t<div class=\"elementor-container elementor-column-gap-default\">\n\t\t\t\t\t<div class=\"elementor-column elementor-col-100 elementor-top-column elementor-element elementor-element-3e8117cd\" data-id=\"3e8117cd\" data-element_type=\"column\" data-e-type=\"column\">\n\t\t\t<div class=\"elementor-widget-wrap elementor-element-populated\">\n\t\t\t\t\t\t<div class=\"elementor-element elementor-element-4d65e9f2 elementor-widget elementor-widget-text-editor\" data-id=\"4d65e9f2\" data-element_type=\"widget\" data-e-type=\"widget\" data-widget_type=\"text-editor.default\">\n\t\t\t\t\t\t\t\t\t<p><span style=\"color: #000000;\"><\/span><\/p>\n<p><span style=\"color: #000000;\">Pro odpov\u011b\u010f na tuto ot\u00e1zku se v p\u00e1tek 9. z\u00e1\u0159\u00ed 2022 vydali \u017e\u00e1ci 8. t\u0159\u00edd do automobilky Hyundai v No\u0161ovic\u00edch. Ji\u017e p\u0159i vjezdu do are\u00e1lu z\u00e1vodu byli p\u0159ekvapeni jej\u00ed velikost\u00ed. A nep\u0159est\u00e1vali se divit ani ve vstupn\u00ed hale, kde jsou vystaveny nejprod\u00e1van\u011bj\u0161\u00ed modely, do kter\u00fdch se \u017e\u00e1ci mohli posadit, mohli si je osahat.<\/span><\/p>\n<p><span style=\"color: #000000;\"><\/span><\/p>\n<p><span style=\"color: #000000;\">Dal\u0161\u00ed p\u0159\u00edsun p\u0159ekvapiv\u00fdch informac\u00ed na n\u011b \u010dekal v konferen\u010dn\u00edm s\u00e1le, kde jim pr\u016fvodce prom\u00edtl propaga\u010dn\u00ed film, ve kter\u00e9m se dozv\u011bd\u011bli v\u0161e o historii a v\u00fdrob\u011b aut Hyundai v No\u0161ovic\u00edch.<\/span><\/p>\n<p><span style=\"color: #000000;\"><\/span><\/p>\n<p><span style=\"color: #000000;\">Na z\u00e1v\u011bre\u010dnou \u010d\u00e1st prohl\u00eddky byli \u017e\u00e1ci vybaveni ochrann\u00fdmi br\u00fdlemi a sluch\u00e1tky. Pod veden\u00edm pr\u016fvodce nastoupili do n\u00e1v\u0161t\u011bvnick\u00fdch vl\u00e1\u010dk\u016f a vydali se na j\u00edzdu z\u00e1vodem. Po celou dobu jim ve sluch\u00e1tk\u00e1ch zn\u011bla komentovan\u00e1 prohl\u00eddka, tak\u017ee kr\u00e1sn\u011b sly\u0161eli cel\u00fd v\u00fdklad. Mohli tak z bezprost\u0159edn\u00ed bl\u00edzkosti sledovat pr\u00e1ci v lisovn\u011b, ve sva\u0159ovn\u011b, v m\u00edst\u011b fin\u00e1ln\u00ed mont\u00e1\u017ee i v p\u0159evodovk\u00e1rn\u011b. Jen ze vzd\u00e1lenosti p\u00e1r metr\u016f d\u011bti vid\u011bly \u00fa\u017easnou pr\u00e1ci robot\u016f, postupnou mont\u00e1\u017e cel\u00e9ho automobilu i odpo\u010dinkov\u00e1 m\u00edsta pro zam\u011bstnance.<\/span><\/p>\n<p><span style=\"color: #000000;\"><\/span><\/p>\n<p><span style=\"color: #000000;\">Na konci exkurze u\u017e nikdo nepochyboval, \u017ee pr\u00e1v\u011b nav\u0161t\u00edvil jednu z nejmodern\u011bj\u0161\u00edch automobilek v Evrop\u011b a absolvoval jednu z nejzaj\u00edmav\u011bj\u0161\u00edch exkurz\u00ed na Technotrase, na kter\u00e9 najdeme zaj\u00edmav\u00e9 technick\u00e9 pam\u00e1tky v Moravskoslezsk\u00e9m kraji. Nad\u0161en\u00ed \u017e\u00e1ci na zp\u00e1te\u010dn\u00ed cest\u011b autobusem si p\u0159ipom\u00ednali nejzaj\u00edmav\u011bj\u0161\u00ed okam\u017eiky exkurze nad fotografiemi, kter\u00e9 po\u0159\u00eddili v jej\u00edm pr\u016fb\u011bhu. N\u011bkte\u0159\u00ed se nav\u00edc p\u0159iznali, \u017ee se jim splnil d\u011btsk\u00fd sen, proto\u017ee te\u010f u\u017e kone\u010dn\u011b v\u00ed, jak se d\u011bl\u00e1 auto.<\/span><\/p>\n<p><span style=\"color: #000000;\"><\/span><\/p>\n<p style=\"text-align: right;\"><span style=\"color: #000000;\">\u00a0\u00a0\u00a0\u00a0\u00a0\u00a0\u00a0\u00a0\u00a0\u00a0\u00a0\u00a0\u00a0\u00a0\u00a0\u00a0\u00a0\u00a0\u00a0\u00a0\u00a0\u00a0\u00a0\u00a0\u00a0\u00a0\u00a0\u00a0\u00a0\u00a0\u00a0\u00a0\u00a0\u00a0\u00a0\u00a0\u00a0\u00a0\u00a0\u00a0\u00a0\u00a0\u00a0 Mgr. D. Dalihodov\u00e1 a Mgr. P. Ko\u017eu\u0161n\u00edkov\u00e1 , t\u0159. u\u010ditelky 8. t\u0159\u00edd<\/span><\/p>\n<p><span style=\"color: #000000;\"><\/span><\/p>\t\t\t\t\t\t\t\t<\/div>\n\t\t\t\t\t<\/div>\n\t\t<\/div>\n\t\t\t\t\t<\/div>\n\t\t<\/section>\n\t\t\t\t<\/div>\n\t\t","protected":false},"excerpt":{"rendered":"<p>Pro odpov\u011b\u010f na tuto ot\u00e1zku se v p\u00e1tek 9. z\u00e1\u0159\u00ed 2022 vydali \u017e\u00e1ci 8. t\u0159\u00edd do automobilky Hyundai v No\u0161ovic\u00edch. Ji\u017e p\u0159i vjezdu do are\u00e1lu z\u00e1vodu byli p\u0159ekvapeni jej\u00ed velikost\u00ed. A nep\u0159est\u00e1vali se divit ani ve vstupn\u00ed hale, kde jsou vystaveny nejprod\u00e1van\u011bj\u0161\u00ed modely, do kter\u00fdch se \u017e\u00e1ci mohli posadit, mohli si je osahat. Dal\u0161\u00ed p\u0159\u00edsun p\u0159ekvapiv\u00fdch informac\u00ed na n\u011b \u010dekal v konferen\u010dn\u00edm s\u00e1le, kde jim pr\u016fvodce prom\u00edtl propaga\u010dn\u00ed film, ve kter\u00e9m se dozv\u011bd\u011bli v\u0161e o historii a v\u00fdrob\u011b aut Hyundai v No\u0161ovic\u00edch. Na z\u00e1v\u011bre\u010dnou \u010d\u00e1st prohl\u00eddky byli \u017e\u00e1ci vybaveni ochrann\u00fdmi br\u00fdlemi a sluch\u00e1tky. Pod veden\u00edm pr\u016fvodce nastoupili do n\u00e1v\u0161t\u011bvnick\u00fdch vl\u00e1\u010dk\u016f a vydali se na j\u00edzdu z\u00e1vodem. Po celou dobu jim ve sluch\u00e1tk\u00e1ch zn\u011bla komentovan\u00e1 prohl\u00eddka, tak\u017ee kr\u00e1sn\u011b sly\u0161eli cel\u00fd v\u00fdklad. Mohli tak z bezprost\u0159edn\u00ed bl\u00edzkosti sledovat pr\u00e1ci v lisovn\u011b, ve sva\u0159ovn\u011b, v m\u00edst\u011b fin\u00e1ln\u00ed mont\u00e1\u017ee i v p\u0159evodovk\u00e1rn\u011b. Jen ze vzd\u00e1lenosti p\u00e1r metr\u016f d\u011bti vid\u011bly \u00fa\u017easnou pr\u00e1ci robot\u016f, postupnou mont\u00e1\u017e cel\u00e9ho automobilu i odpo\u010dinkov\u00e1 m\u00edsta pro zam\u011bstnance. Na konci exkurze u\u017e nikdo nepochyboval, \u017ee pr\u00e1v\u011b nav\u0161t\u00edvil jednu z nejmodern\u011bj\u0161\u00edch automobilek v Evrop\u011b a absolvoval jednu z nejzaj\u00edmav\u011bj\u0161\u00edch exkurz\u00ed na Technotrase, na kter\u00e9 najdeme zaj\u00edmav\u00e9 technick\u00e9 pam\u00e1tky v Moravskoslezsk\u00e9m kraji. Nad\u0161en\u00ed \u017e\u00e1ci na zp\u00e1te\u010dn\u00ed cest\u011b autobusem si p\u0159ipom\u00ednali nejzaj\u00edmav\u011bj\u0161\u00ed okam\u017eiky exkurze nad fotografiemi, kter\u00e9 po\u0159\u00eddili v jej\u00edm pr\u016fb\u011bhu. N\u011bkte\u0159\u00ed se nav\u00edc p\u0159iznali, \u017ee se jim splnil d\u011btsk\u00fd sen, proto\u017ee te\u010f u\u017e kone\u010dn\u011b v\u00ed, jak se d\u011bl\u00e1 auto. \u00a0\u00a0\u00a0\u00a0\u00a0\u00a0\u00a0\u00a0\u00a0\u00a0\u00a0\u00a0\u00a0\u00a0\u00a0\u00a0\u00a0\u00a0\u00a0\u00a0\u00a0\u00a0\u00a0\u00a0\u00a0\u00a0\u00a0\u00a0\u00a0\u00a0\u00a0\u00a0\u00a0\u00a0\u00a0\u00a0\u00a0\u00a0\u00a0\u00a0\u00a0\u00a0\u00a0 Mgr. D. Dalihodov\u00e1 a Mgr. P. Ko\u017eu\u0161n\u00edkov\u00e1 , t\u0159. u\u010ditelky 8. t\u0159\u00edd<\/p>\n","protected":false},"author":2,"featured_media":0,"comment_status":"open","ping_status":"open","sticky":false,"template":"","format":"standard","meta":{"footnotes":""},"categories":[16],"tags":[],"class_list":["post-10125","post","type-post","status-publish","format-standard","hentry","category-aktuality"],"rttpg_featured_image_url":null,"rttpg_author":{"display_name":"admin","author_link":"https:\/\/www.zsmasaryk.cz\/index.php\/author\/admin\/"},"rttpg_comment":0,"rttpg_category":"<a href=\"https:\/\/www.zsmasaryk.cz\/index.php\/category\/aktuality\/\" rel=\"category tag\">Aktuality<\/a>","rttpg_excerpt":"Pro odpov\u011b\u010f na tuto ot\u00e1zku se v p\u00e1tek 9. z\u00e1\u0159\u00ed 2022 vydali \u017e\u00e1ci 8. t\u0159\u00edd do automobilky Hyundai v No\u0161ovic\u00edch. Ji\u017e p\u0159i vjezdu do are\u00e1lu z\u00e1vodu byli p\u0159ekvapeni jej\u00ed velikost\u00ed. A nep\u0159est\u00e1vali se divit ani ve vstupn\u00ed hale, kde jsou vystaveny nejprod\u00e1van\u011bj\u0161\u00ed modely, do kter\u00fdch se \u017e\u00e1ci mohli posadit, mohli si je osahat. Dal\u0161\u00ed p\u0159\u00edsun&hellip;","_links":{"self":[{"href":"https:\/\/www.zsmasaryk.cz\/index.php\/wp-json\/wp\/v2\/posts\/10125","targetHints":{"allow":["GET"]}}],"collection":[{"href":"https:\/\/www.zsmasaryk.cz\/index.php\/wp-json\/wp\/v2\/posts"}],"about":[{"href":"https:\/\/www.zsmasaryk.cz\/index.php\/wp-json\/wp\/v2\/types\/post"}],"author":[{"embeddable":true,"href":"https:\/\/www.zsmasaryk.cz\/index.php\/wp-json\/wp\/v2\/users\/2"}],"replies":[{"embeddable":true,"href":"https:\/\/www.zsmasaryk.cz\/index.php\/wp-json\/wp\/v2\/comments?post=10125"}],"version-history":[{"count":0,"href":"https:\/\/www.zsmasaryk.cz\/index.php\/wp-json\/wp\/v2\/posts\/10125\/revisions"}],"wp:attachment":[{"href":"https:\/\/www.zsmasaryk.cz\/index.php\/wp-json\/wp\/v2\/media?parent=10125"}],"wp:term":[{"taxonomy":"category","embeddable":true,"href":"https:\/\/www.zsmasaryk.cz\/index.php\/wp-json\/wp\/v2\/categories?post=10125"},{"taxonomy":"post_tag","embeddable":true,"href":"https:\/\/www.zsmasaryk.cz\/index.php\/wp-json\/wp\/v2\/tags?post=10125"}],"curies":[{"name":"wp","href":"https:\/\/api.w.org\/{rel}","templated":true}]}}