{"id":10656,"date":"2023-03-15T11:42:00","date_gmt":"2023-03-15T11:42:00","guid":{"rendered":"https:\/\/www.zsmasaryk.cz\/?p=10656"},"modified":"2023-03-20T12:20:19","modified_gmt":"2023-03-20T12:20:19","slug":"jarni-prazdniny-na-horach-2023","status":"publish","type":"post","link":"https:\/\/www.zsmasaryk.cz\/index.php\/2023\/03\/15\/jarni-prazdniny-na-horach-2023\/","title":{"rendered":"JARN\u00cd PR\u00c1ZDNINY NA HOR\u00c1CH 2023"},"content":{"rendered":"\t\t<div data-elementor-type=\"wp-post\" data-elementor-id=\"10656\" class=\"elementor elementor-10656\">\n\t\t\t\t\t\t<section class=\"elementor-section elementor-top-section elementor-element elementor-element-469e8d78 elementor-section-boxed elementor-section-height-default elementor-section-height-default\" data-id=\"469e8d78\" data-element_type=\"section\" data-e-type=\"section\">\n\t\t\t\t\t\t<div class=\"elementor-container elementor-column-gap-default\">\n\t\t\t\t\t<div class=\"elementor-column elementor-col-100 elementor-top-column elementor-element elementor-element-7a92bb71\" data-id=\"7a92bb71\" data-element_type=\"column\" data-e-type=\"column\">\n\t\t\t<div class=\"elementor-widget-wrap elementor-element-populated\">\n\t\t\t\t\t\t<div class=\"elementor-element elementor-element-2b63d411 elementor-widget elementor-widget-text-editor\" data-id=\"2b63d411\" data-element_type=\"widget\" data-e-type=\"widget\" data-widget_type=\"text-editor.default\">\n\t\t\t\t\t\t\t\t\t<p><span style=\"color: #000000;\">V\u00a0obdob\u00ed ostravsk\u00fdch jarn\u00edch pr\u00e1zdnin od 6. do 10. b\u0159ezna 2023 se d\u011bti z\u00a0na\u0161\u00ed \u0161koly z\u00fa\u010dastnily ji\u017e tradi\u010dn\u00ed ly\u017ea\u0159sk\u00e9 \u0161koly v\u00a0Malenovic\u00edch, kterou ka\u017edoro\u010dn\u011b po\u0159\u00e1d\u00e1 agentura FITANO.<\/span><\/p>\n<p><span style=\"color: #000000;\">Odj\u00ed\u017ed\u011blo se v\u017edy r\u00e1no o p\u016fl dev\u00e1t\u00e9 od vratimovsk\u00e9ho n\u00e1dra\u017e\u00ed s\u00a0n\u00e1vratem o\u00a0p\u016fl \u010dtvrt\u00e9 odpoledne. Jeliko\u017e na\u0161e d\u011bti jezd\u00ed do Malenovic ji\u017e opakovan\u011b, vytvo\u0159ila se p\u0159irozen\u011b pouze t\u0159i dru\u017estva &#8211; borci, mlad\u0161\u00ed borci a snowboar\u010f\u00e1ci. Dva za\u010d\u00e1te\u010dn\u00edci, kte\u0159\u00ed st\u00e1li na ly\u017e\u00edch poprv\u00e9, se ji\u017e b\u011bhem prvn\u00edho dne plynule za\u0159adili mezi mlad\u0161\u00ed borce, za co\u017e plat\u00ed d\u00edk skv\u011bl\u00fdm a mil\u00fdm instruktork\u00e1m a jejich trp\u011bliv\u00e9mu p\u0159\u00edstupu. \u00a0<\/span><\/p>\n<p><span style=\"color: #000000;\">Prvn\u00ed t\u0159i dny byly doslova zalit\u00e9 sluncem, ve \u010dtvrtek n\u00e1s d\u00e9\u0161\u0165 a velk\u00e9 oteplen\u00ed docela potr\u00e1pilo, na\u0161t\u011bst\u00ed se d\u011bti mohly oh\u0159\u00e1t v\u00a0Chat\u011b Poma, d\u00e1t si tepl\u00fd \u010daj a\u00a0dobr\u00fd ob\u011bd. Bylo p\u0159ece t\u0159eba tr\u00e9novat na p\u00e1te\u010dn\u00ed z\u00e1vod!<\/span><\/p>\n<p><span style=\"color: #000000;\">D\u011bti berou v\u017edy z\u00e1v\u011bre\u010dn\u00e9 z\u00e1vody velmi v\u00e1\u017en\u011b, nebo\u0165 se na n\u011b p\u0159ijedou \u010dasto pod\u00edvat i rodi\u010de a prarodi\u010de. Hlavn\u00ed tren\u00e9rka Mark\u00e9ta Stoklasov\u00e1 v\u0161e pe\u010dliv\u011b zapisuje a vyhodnocuje. Z\u00e1vodn\u00edky fascinuje komunikace jejich instruktora a\u00a0hlavn\u00ed tren\u00e9rky v\u00a0c\u00edli pomoc\u00ed vys\u00edla\u010dek &#8211; necht\u011bj\u00ed ztratit ani setinku vte\u0159iny. A\u0165 u\u017e je v\u0161ak na stupn\u00edch v\u00edt\u011bz\u016f kdokoliv, v\u0161ichni si na z\u00e1v\u011br odv\u00e1\u017eej\u00ed diplomy a ceny, kter\u00e9 jim p\u0159ed\u00e1vaj\u00ed jejich instrukto\u0159i. T\u00edm nejcenn\u011bj\u0161\u00edm jsou v\u0161ak ale nezapomenuteln\u00e9 z\u00e1\u017eitky, pr\u00e1zdniny str\u00e1ven\u00e9 s\u00a0kamar\u00e1dy na hor\u00e1ch a spousta legrace.<\/span><\/p>\n<p style=\"text-align: center;\"><a href=\"https:\/\/photos.app.goo.gl\/hZndMHpdHQcCaq56A\" target=\"_blank\" rel=\"noopener\">FOTOGALERIE<\/a><\/p>\t\t\t\t\t\t\t\t<\/div>\n\t\t\t\t\t<\/div>\n\t\t<\/div>\n\t\t\t\t\t<\/div>\n\t\t<\/section>\n\t\t\t\t<\/div>\n\t\t","protected":false},"excerpt":{"rendered":"<p>V&nbsp;obdob\u00ed ostravsk\u00fdch jarn\u00edch pr\u00e1zdnin od 6. do 10. b\u0159ezna 2023 se d\u011bti z&nbsp;na\u0161\u00ed \u0161koly z\u00fa\u010dastnily ji\u017e tradi\u010dn\u00ed ly\u017ea\u0159sk\u00e9 \u0161koly v&nbsp;Malenovic\u00edch, kterou ka\u017edoro\u010dn\u011b po\u0159\u00e1d\u00e1 agentura FITANO. Odj\u00ed\u017ed\u011blo se v\u017edy r\u00e1no o p\u016fl dev\u00e1t\u00e9 od vratimovsk\u00e9ho n\u00e1dra\u017e\u00ed s&nbsp;n\u00e1vratem o&nbsp;p\u016fl \u010dtvrt\u00e9 odpoledne. Jeliko\u017e na\u0161e d\u011bti jezd\u00ed do Malenovic ji\u017e opakovan\u011b, vytvo\u0159ila se p\u0159irozen\u011b pouze t\u0159i dru\u017estva &#8211; borci, mlad\u0161\u00ed borci a snowboar\u010f\u00e1ci. Dva za\u010d\u00e1te\u010dn\u00edci, kte\u0159\u00ed st\u00e1li na ly\u017e\u00edch poprv\u00e9, se ji\u017e b\u011bhem prvn\u00edho dne plynule za\u0159adili mezi mlad\u0161\u00ed borce, za co\u017e plat\u00ed d\u00edk skv\u011bl\u00fdm a mil\u00fdm instruktork\u00e1m a jejich trp\u011bliv\u00e9mu p\u0159\u00edstupu. &nbsp; Prvn\u00ed t\u0159i dny byly doslova zalit\u00e9 sluncem, ve \u010dtvrtek n\u00e1s d\u00e9\u0161\u0165 a velk\u00e9 oteplen\u00ed docela potr\u00e1pilo, na\u0161t\u011bst\u00ed se d\u011bti mohly oh\u0159\u00e1t v&nbsp;Chat\u011b Poma, d\u00e1t si tepl\u00fd \u010daj a&nbsp;dobr\u00fd ob\u011bd. Bylo p\u0159ece t\u0159eba tr\u00e9novat na p\u00e1te\u010dn\u00ed z\u00e1vod! D\u011bti berou v\u017edy z\u00e1v\u011bre\u010dn\u00e9 z\u00e1vody velmi v\u00e1\u017en\u011b, nebo\u0165 se na n\u011b p\u0159ijedou \u010dasto pod\u00edvat i rodi\u010de a prarodi\u010de. Hlavn\u00ed tren\u00e9rka Mark\u00e9ta Stoklasov\u00e1 v\u0161e pe\u010dliv\u011b zapisuje a vyhodnocuje. Z\u00e1vodn\u00edky fascinuje komunikace jejich instruktora a&nbsp;hlavn\u00ed tren\u00e9rky v&nbsp;c\u00edli pomoc\u00ed vys\u00edla\u010dek &#8211; necht\u011bj\u00ed ztratit ani setinku vte\u0159iny. A\u0165 u\u017e je v\u0161ak na stupn\u00edch v\u00edt\u011bz\u016f kdokoliv, v\u0161ichni si na z\u00e1v\u011br odv\u00e1\u017eej\u00ed diplomy a ceny, kter\u00e9 jim p\u0159ed\u00e1vaj\u00ed jejich instrukto\u0159i. T\u00edm nejcenn\u011bj\u0161\u00edm jsou v\u0161ak ale nezapomenuteln\u00e9 z\u00e1\u017eitky, pr\u00e1zdniny str\u00e1ven\u00e9 s&nbsp;kamar\u00e1dy na hor\u00e1ch a spousta legrace. FOTOGALERIE<\/p>\n","protected":false},"author":2,"featured_media":0,"comment_status":"open","ping_status":"open","sticky":false,"template":"","format":"standard","meta":{"footnotes":""},"categories":[16],"tags":[],"class_list":["post-10656","post","type-post","status-publish","format-standard","hentry","category-aktuality"],"rttpg_featured_image_url":null,"rttpg_author":{"display_name":"admin","author_link":"https:\/\/www.zsmasaryk.cz\/index.php\/author\/admin\/"},"rttpg_comment":0,"rttpg_category":"<a href=\"https:\/\/www.zsmasaryk.cz\/index.php\/category\/aktuality\/\" rel=\"category tag\">Aktuality<\/a>","rttpg_excerpt":"V&nbsp;obdob\u00ed ostravsk\u00fdch jarn\u00edch pr\u00e1zdnin od 6. do 10. b\u0159ezna 2023 se d\u011bti z&nbsp;na\u0161\u00ed \u0161koly z\u00fa\u010dastnily ji\u017e tradi\u010dn\u00ed ly\u017ea\u0159sk\u00e9 \u0161koly v&nbsp;Malenovic\u00edch, kterou ka\u017edoro\u010dn\u011b po\u0159\u00e1d\u00e1 agentura FITANO. Odj\u00ed\u017ed\u011blo se v\u017edy r\u00e1no o p\u016fl dev\u00e1t\u00e9 od vratimovsk\u00e9ho n\u00e1dra\u017e\u00ed s&nbsp;n\u00e1vratem o&nbsp;p\u016fl \u010dtvrt\u00e9 odpoledne. Jeliko\u017e na\u0161e d\u011bti jezd\u00ed do Malenovic ji\u017e opakovan\u011b, vytvo\u0159ila se p\u0159irozen\u011b pouze t\u0159i dru\u017estva &#8211; borci,&hellip;","_links":{"self":[{"href":"https:\/\/www.zsmasaryk.cz\/index.php\/wp-json\/wp\/v2\/posts\/10656","targetHints":{"allow":["GET"]}}],"collection":[{"href":"https:\/\/www.zsmasaryk.cz\/index.php\/wp-json\/wp\/v2\/posts"}],"about":[{"href":"https:\/\/www.zsmasaryk.cz\/index.php\/wp-json\/wp\/v2\/types\/post"}],"author":[{"embeddable":true,"href":"https:\/\/www.zsmasaryk.cz\/index.php\/wp-json\/wp\/v2\/users\/2"}],"replies":[{"embeddable":true,"href":"https:\/\/www.zsmasaryk.cz\/index.php\/wp-json\/wp\/v2\/comments?post=10656"}],"version-history":[{"count":0,"href":"https:\/\/www.zsmasaryk.cz\/index.php\/wp-json\/wp\/v2\/posts\/10656\/revisions"}],"wp:attachment":[{"href":"https:\/\/www.zsmasaryk.cz\/index.php\/wp-json\/wp\/v2\/media?parent=10656"}],"wp:term":[{"taxonomy":"category","embeddable":true,"href":"https:\/\/www.zsmasaryk.cz\/index.php\/wp-json\/wp\/v2\/categories?post=10656"},{"taxonomy":"post_tag","embeddable":true,"href":"https:\/\/www.zsmasaryk.cz\/index.php\/wp-json\/wp\/v2\/tags?post=10656"}],"curies":[{"name":"wp","href":"https:\/\/api.w.org\/{rel}","templated":true}]}}