{"id":11032,"date":"2023-06-07T10:09:32","date_gmt":"2023-06-07T10:09:32","guid":{"rendered":"https:\/\/www.zsmasaryk.cz\/?p=11032"},"modified":"2023-06-09T06:14:10","modified_gmt":"2023-06-09T06:14:10","slug":"vi-trida-v-archivu-mesta-ostravy","status":"publish","type":"post","link":"https:\/\/www.zsmasaryk.cz\/index.php\/2023\/06\/07\/vi-trida-v-archivu-mesta-ostravy\/","title":{"rendered":"VI. T\u0158\u00cdDA V ARCHIVU M\u011aSTA OSTRAVY"},"content":{"rendered":"\t\t<div data-elementor-type=\"wp-post\" data-elementor-id=\"11032\" class=\"elementor elementor-11032\">\n\t\t\t\t\t\t<section class=\"elementor-section elementor-top-section elementor-element elementor-element-782ba9a1 elementor-section-boxed elementor-section-height-default elementor-section-height-default\" data-id=\"782ba9a1\" data-element_type=\"section\" data-e-type=\"section\">\n\t\t\t\t\t\t<div class=\"elementor-container elementor-column-gap-default\">\n\t\t\t\t\t<div class=\"elementor-column elementor-col-100 elementor-top-column elementor-element elementor-element-523ec48c\" data-id=\"523ec48c\" data-element_type=\"column\" data-e-type=\"column\">\n\t\t\t<div class=\"elementor-widget-wrap elementor-element-populated\">\n\t\t\t\t\t\t<div class=\"elementor-element elementor-element-715b3059 elementor-widget elementor-widget-text-editor\" data-id=\"715b3059\" data-element_type=\"widget\" data-e-type=\"widget\" data-widget_type=\"text-editor.default\">\n\t\t\t\t\t\t\t\t\t<p><span style=\"color: #000000;\"><\/span><\/p>\n<p><span style=\"color: #000000;\">VI. t\u0159\u00edda str\u00e1vila trochu neobvykl\u00fd Den d\u011bt\u00ed. Ve \u010dtvrtek 1. 6. jsme se r\u00e1no vypravili do Archivu m\u011bsta Ostravy, kter\u00fd s\u00eddl\u00ed v Ostrav\u011b \u2013 P\u0159\u00edvozu a pr\u00e1v\u011b letos slav\u00ed 100 let od sv\u00e9ho zalo\u017een\u00ed.<\/span><\/p>\n<p><span style=\"color: #000000;\"><\/span><\/p>\n<p><span style=\"color: #000000;\">V r\u00e1mci exkurze jsme se sezn\u00e1mili nejen s d\u011bjinami archivu, ale p\u0159edev\u0161\u00edm s t\u00edm, k \u010demu takov\u00fd archiv slou\u017e\u00ed a co v n\u011bm m\u016f\u017eeme naj\u00edt. Prohl\u00e9dli jsme si nejstar\u0161\u00ed listiny, pe\u010deti, kroniky a dal\u0161\u00ed archiv\u00e1lie, nav\u0161t\u00edvili jsme kniha\u0159skou a fotografickou d\u00edlnu a sezn\u00e1mili jsme se s n\u00e1ro\u010dnou prac\u00ed t\u011bchto odborn\u00edk\u016f. U restaur\u00e1tora knih jsme si mohli doslova osahat pergamen, o kter\u00e9m se ve \u0161kole jen u\u010d\u00edme, a pan\u00ed fotografka d\u011btem uk\u00e1zala, co to jsou negativy a jak funguje temn\u00e1 komora. V digit\u00e1ln\u00ed badateln\u011b si d\u011bti samostatn\u011b mohly na po\u010d\u00edta\u010d\u00edch vyhledat a prohl\u00e9dnout digitalizovan\u00e9 archiv\u00e1lie. Na z\u00e1v\u011br exkurze jsme nahl\u00e9dli tak\u00e9 do depozit\u00e1\u0159e, kam se b\u011b\u017en\u00e1 ve\u0159ejnost jen tak nedostane.<\/span><\/p>\n<p><span style=\"color: #000000;\"><\/span><\/p>\n<p><span style=\"color: #000000;\">Exkurze se velmi vyda\u0159ila, pan\u00ed archiv\u00e1\u0159ka d\u011bti pochv\u00e1lila za aktivn\u00ed \u00fa\u010dast a zaj\u00edmav\u00e9 dotazy. V\u0161ichni jsme si odnesli \u0159adu nov\u00fdch poznatk\u016f. V\u011bd\u011bli jste nap\u0159\u00edklad, \u017ee i va\u0161e vysv\u011bd\u010den\u00ed z 9. ro\u010dn\u00edku Z\u0160 bude jednou ulo\u017eeno v archivu?<\/span><\/p>\n<p><span style=\"color: #000000;\"><\/span><\/p>\n<p><span style=\"color: #000000;\">Po p\u0159\u00edjezdu do Vratimova u\u017e se v\u0161ichni t\u011b\u0161ili na druhou \u010d\u00e1st na\u0161\u00ed v\u00fdpravy. Rovnou z n\u00e1dra\u017e\u00ed jsme se p\u0159esunuli k \u0159ece, rozlo\u017eili si deky, rozbalili si dobroty a mohl za\u010d\u00edt sl\u00edben\u00fd piknik ke Dni d\u011bt\u00ed. N\u011bkte\u0159\u00ed hr\u00e1li badminton, jin\u00ed karty, dal\u0161\u00ed se brodili v \u0159ece Ostravici a n\u011bkdo prost\u011b jen odpo\u010d\u00edval. Samoz\u0159ejm\u011b padla tak\u00e9 ot\u00e1zka, kam a hlavn\u011b kdy vyraz\u00edme na dal\u0161\u00ed exkurzi? No, uvid\u00edme\u2026<\/span><\/p>\n<p style=\"text-align: center;\"><a href=\"https:\/\/bawaja.rajce.idnes.cz\/Archiv_mesta_Ostravy_-_VI._trida\/\" target=\"_blank\" rel=\"noopener\">FOTOGALERIE<\/a><\/p>\n<p><span style=\"color: #000000;\"><\/span><\/p>\n<p style=\"text-align: right;\"><span style=\"color: #000000;\">Irena Lipt\u00e1kov\u00e1 a Radek Hu\u0161ka<\/span><\/p>\n<p><span style=\"color: #000000;\"><\/span><\/p>\t\t\t\t\t\t\t\t<\/div>\n\t\t\t\t\t<\/div>\n\t\t<\/div>\n\t\t\t\t\t<\/div>\n\t\t<\/section>\n\t\t\t\t<\/div>\n\t\t","protected":false},"excerpt":{"rendered":"<p>VI. t\u0159\u00edda str\u00e1vila trochu neobvykl\u00fd Den d\u011bt\u00ed. Ve \u010dtvrtek 1. 6. jsme se r\u00e1no vypravili do Archivu m\u011bsta Ostravy, kter\u00fd s\u00eddl\u00ed v Ostrav\u011b \u2013 P\u0159\u00edvozu a pr\u00e1v\u011b letos slav\u00ed 100 let od sv\u00e9ho zalo\u017een\u00ed. V r\u00e1mci exkurze jsme se sezn\u00e1mili nejen s d\u011bjinami archivu, ale p\u0159edev\u0161\u00edm s t\u00edm, k \u010demu takov\u00fd archiv slou\u017e\u00ed a co v n\u011bm m\u016f\u017eeme naj\u00edt. Prohl\u00e9dli jsme si nejstar\u0161\u00ed listiny, pe\u010deti, kroniky a dal\u0161\u00ed archiv\u00e1lie, nav\u0161t\u00edvili jsme kniha\u0159skou a fotografickou d\u00edlnu a sezn\u00e1mili jsme se s n\u00e1ro\u010dnou prac\u00ed t\u011bchto odborn\u00edk\u016f. U restaur\u00e1tora knih jsme si mohli doslova osahat pergamen, o kter\u00e9m se ve \u0161kole jen u\u010d\u00edme, a pan\u00ed fotografka d\u011btem uk\u00e1zala, co to jsou negativy a jak funguje temn\u00e1 komora. V digit\u00e1ln\u00ed badateln\u011b si d\u011bti samostatn\u011b mohly na po\u010d\u00edta\u010d\u00edch vyhledat a prohl\u00e9dnout digitalizovan\u00e9 archiv\u00e1lie. Na z\u00e1v\u011br exkurze jsme nahl\u00e9dli tak\u00e9 do depozit\u00e1\u0159e, kam se b\u011b\u017en\u00e1 ve\u0159ejnost jen tak nedostane. Exkurze se velmi vyda\u0159ila, pan\u00ed archiv\u00e1\u0159ka d\u011bti pochv\u00e1lila za aktivn\u00ed \u00fa\u010dast a zaj\u00edmav\u00e9 dotazy. V\u0161ichni jsme si odnesli \u0159adu nov\u00fdch poznatk\u016f. V\u011bd\u011bli jste nap\u0159\u00edklad, \u017ee i va\u0161e vysv\u011bd\u010den\u00ed z 9. ro\u010dn\u00edku Z\u0160 bude jednou ulo\u017eeno v archivu? Po p\u0159\u00edjezdu do Vratimova u\u017e se v\u0161ichni t\u011b\u0161ili na druhou \u010d\u00e1st na\u0161\u00ed v\u00fdpravy. Rovnou z n\u00e1dra\u017e\u00ed jsme se p\u0159esunuli k \u0159ece, rozlo\u017eili si deky, rozbalili si dobroty a mohl za\u010d\u00edt sl\u00edben\u00fd piknik ke Dni d\u011bt\u00ed. N\u011bkte\u0159\u00ed hr\u00e1li badminton, jin\u00ed karty, dal\u0161\u00ed se brodili v \u0159ece Ostravici a n\u011bkdo prost\u011b jen odpo\u010d\u00edval. Samoz\u0159ejm\u011b padla tak\u00e9 ot\u00e1zka, kam a hlavn\u011b kdy vyraz\u00edme na dal\u0161\u00ed exkurzi? No, uvid\u00edme\u2026 FOTOGALERIE Irena Lipt\u00e1kov\u00e1 a Radek Hu\u0161ka<\/p>\n","protected":false},"author":2,"featured_media":0,"comment_status":"open","ping_status":"open","sticky":false,"template":"","format":"standard","meta":{"footnotes":""},"categories":[17,16],"tags":[],"class_list":["post-11032","post","type-post","status-publish","format-standard","hentry","category-akce","category-aktuality"],"rttpg_featured_image_url":null,"rttpg_author":{"display_name":"admin","author_link":"https:\/\/www.zsmasaryk.cz\/index.php\/author\/admin\/"},"rttpg_comment":0,"rttpg_category":"<a href=\"https:\/\/www.zsmasaryk.cz\/index.php\/category\/akce\/\" rel=\"category tag\">Akce \u0161koly<\/a> <a href=\"https:\/\/www.zsmasaryk.cz\/index.php\/category\/aktuality\/\" rel=\"category tag\">Aktuality<\/a>","rttpg_excerpt":"VI. t\u0159\u00edda str\u00e1vila trochu neobvykl\u00fd Den d\u011bt\u00ed. Ve \u010dtvrtek 1. 6. jsme se r\u00e1no vypravili do Archivu m\u011bsta Ostravy, kter\u00fd s\u00eddl\u00ed v Ostrav\u011b \u2013 P\u0159\u00edvozu a pr\u00e1v\u011b letos slav\u00ed 100 let od sv\u00e9ho zalo\u017een\u00ed. V r\u00e1mci exkurze jsme se sezn\u00e1mili nejen s d\u011bjinami archivu, ale p\u0159edev\u0161\u00edm s t\u00edm, k \u010demu takov\u00fd archiv slou\u017e\u00ed a co&hellip;","_links":{"self":[{"href":"https:\/\/www.zsmasaryk.cz\/index.php\/wp-json\/wp\/v2\/posts\/11032","targetHints":{"allow":["GET"]}}],"collection":[{"href":"https:\/\/www.zsmasaryk.cz\/index.php\/wp-json\/wp\/v2\/posts"}],"about":[{"href":"https:\/\/www.zsmasaryk.cz\/index.php\/wp-json\/wp\/v2\/types\/post"}],"author":[{"embeddable":true,"href":"https:\/\/www.zsmasaryk.cz\/index.php\/wp-json\/wp\/v2\/users\/2"}],"replies":[{"embeddable":true,"href":"https:\/\/www.zsmasaryk.cz\/index.php\/wp-json\/wp\/v2\/comments?post=11032"}],"version-history":[{"count":0,"href":"https:\/\/www.zsmasaryk.cz\/index.php\/wp-json\/wp\/v2\/posts\/11032\/revisions"}],"wp:attachment":[{"href":"https:\/\/www.zsmasaryk.cz\/index.php\/wp-json\/wp\/v2\/media?parent=11032"}],"wp:term":[{"taxonomy":"category","embeddable":true,"href":"https:\/\/www.zsmasaryk.cz\/index.php\/wp-json\/wp\/v2\/categories?post=11032"},{"taxonomy":"post_tag","embeddable":true,"href":"https:\/\/www.zsmasaryk.cz\/index.php\/wp-json\/wp\/v2\/tags?post=11032"}],"curies":[{"name":"wp","href":"https:\/\/api.w.org\/{rel}","templated":true}]}}