{"id":11175,"date":"2023-08-15T11:32:39","date_gmt":"2023-08-15T11:32:39","guid":{"rendered":"https:\/\/www.zsmasaryk.cz\/?p=11175"},"modified":"2023-08-17T10:57:12","modified_gmt":"2023-08-17T10:57:12","slug":"czech-para-open-2023","status":"publish","type":"post","link":"https:\/\/www.zsmasaryk.cz\/index.php\/2023\/08\/15\/czech-para-open-2023\/","title":{"rendered":"CZECH PARA OPEN 2023"},"content":{"rendered":"\t\t<div data-elementor-type=\"wp-post\" data-elementor-id=\"11175\" class=\"elementor elementor-11175\">\n\t\t\t\t\t\t<section class=\"elementor-section elementor-top-section elementor-element elementor-element-6c8b5192 elementor-section-boxed elementor-section-height-default elementor-section-height-default\" data-id=\"6c8b5192\" data-element_type=\"section\" data-e-type=\"section\">\n\t\t\t\t\t\t<div class=\"elementor-container elementor-column-gap-default\">\n\t\t\t\t\t<div class=\"elementor-column elementor-col-100 elementor-top-column elementor-element elementor-element-45f19bfe\" data-id=\"45f19bfe\" data-element_type=\"column\" data-e-type=\"column\">\n\t\t\t<div class=\"elementor-widget-wrap elementor-element-populated\">\n\t\t\t\t\t\t<div class=\"elementor-element elementor-element-2f20fd8a elementor-widget elementor-widget-text-editor\" data-id=\"2f20fd8a\" data-element_type=\"widget\" data-e-type=\"widget\" data-widget_type=\"text-editor.default\">\n\t\t\t\t\t\t\t\t\t\n<p><span style=\"color: #000000;\">V\u00a0minul\u00e9m roce se \u017e\u00e1ci \u0161est\u00fdch a sedm\u00fdch ro\u010dn\u00edk\u016f ji\u017e t\u0159et\u00edm rokem z\u00fa\u010dastnili jako podava\u010di m\u00ed\u010dk\u016f na mezin\u00e1rodn\u00edm turnaji pro posti\u017een\u00e9 stoln\u00ed tenisty Czech Para Open 2022. A\u010dkoli to byla akce velmi n\u00e1ro\u010dn\u00e1, na\u0161i \u017e\u00e1ci se j\u00ed zhostili velmi dob\u0159e. Byli jsme jednak pochv\u00e1leni organiza\u010dn\u00edm v\u00fdborem, jednak sami d\u011bti byly nakonec z\u00a0t\u00e9to akce nad\u0161en\u00e9. \u00a0Proto jsme se rozhodli z\u00fa\u010dastnit se turnaje Czech Para Open 2023, kter\u00fd se konal v term\u00ednu od 22. 6. 2023 do 24. 6. 2023, i v\u00a0leto\u0161n\u00edm \u0161koln\u00edm roce.<\/span><\/p>\n<p><span style=\"color: #000000;\"><\/span><\/p>\n<p><span style=\"color: #000000;\">Na z\u00e1klad\u011b na\u0161\u00ed \u017e\u00e1dosti schv\u00e1lil organiza\u010dn\u00ed v\u00fdbor z\u00e1sadn\u00ed zm\u011bnu \u2013 v\u00a0tomto roce byli na\u0161i \u017e\u00e1ci rozd\u011bleni do dvou skupin. Prvn\u00ed skupina pracovala na turnaji od 9:00 hod. do 14:00. hod., druh\u00e1 supina od 14:00 hod. do 20:00 hod. Akce se z\u00fa\u010dastnilo celkem 60 \u017e\u00e1k\u016f 6. a\u017e 9. ro\u010dn\u00edk\u016f. Ka\u017ed\u00fd \u017e\u00e1k obdr\u017eel turnajov\u00e9 tri\u010dko, stejn\u011b tak jako sva\u010dinu, ob\u011bd nebo ve\u010de\u0159i. S\u00a0\u017e\u00e1ky se turnaje v\u017edy z\u00fa\u010dastnili vybran\u00ed u\u010ditel\u00e9 na\u0161\u00ed \u0161koly.<\/span><\/p>\n<p><span style=\"color: #000000;\"><\/span><\/p>\n<p><span style=\"color: #000000;\">Pro \u017e\u00e1ky aktivn\u00ed \u00fa\u010dast ve h\u0159e p\u0159in\u00e1\u0161\u00ed opravdu nezapomenuteln\u00fd z\u00e1\u017eitek na osobn\u00ed setk\u00e1n\u00ed se zahrani\u010dn\u00edmi sportovci, s\u00a0paraolympioniky i medailisty, na jejich pod\u011bkov\u00e1n\u00ed za pomoc ve h\u0159e. Ale hlavn\u011b jim tento turnaj op\u011bt uk\u00e1zal jedine\u010dn\u00fd pohled na \u010dlov\u011bka s\u00a0handicapem, kter\u00fd i p\u0159es sv\u00e9 posti\u017een\u00ed dok\u00e1\u017ee \u017e\u00edt plnohodnotn\u00fd a \u010dasto velmi intenzivn\u00ed \u017eivot. Z\u00e1rove\u0148 si tak\u00e9 v\u0161ichni, a to nejen \u017e\u00e1ci, ale tak\u00e9 u\u010ditel\u00e9, mohli uv\u011bdomit a p\u0159ipomenout, jak\u00e9 benefity n\u00e1m v\u0161em p\u0159in\u00e1\u0161\u00ed \u017eivot bez omezen\u00ed.<\/span><\/p>\n<p><span style=\"color: #000000;\"><\/span><\/p>\n<p><span style=\"color: #000000;\">Jeliko\u017e jsem se t\u00e9to akce, stejn\u011b jako v\u00a0minul\u00e9m roce, osobn\u011b z\u00fa\u010dastnila, mohu opravdu \u0159\u00edci, \u017ee tato akce m\u011bla pro v\u0161echny z\u00a0n\u00e1s hlub\u0161\u00ed smysl, propojila n\u00e1s v\u00a0jeden celek a mohli jsme spole\u010dn\u011b za\u017e\u00edvat chv\u00edle, kter\u00e9 jsou neopakovateln\u00e9.<\/span><\/p>\n<p style=\"text-align: right;\"><span style=\"color: #000000;\">Mgr. Martina Pelik\u00e1nov\u00e1<\/span><\/p>\n<p style=\"text-align: center;\"><a href=\"http:\/\/www.zsmasaryk.cz\/wp-content\/uploads\/2023\/08\/Podekovani-ZS-Vratimov.pdf\" target=\"_blank\" rel=\"noopener\">Pod\u011bkov\u00e1n\u00ed<\/a><\/p>\n<p style=\"text-align: center;\"><span style=\"color: #000000;\">(pod\u011bkov\u00e1n\u00ed organiza\u010dn\u00edho v\u00fdboru Czech Para Open 2023)\u00a0<\/span><\/p>\n<p><span style=\"color: #000000;\"><\/span><\/p>\n<p style=\"text-align: right;\">\u00a0<\/p>\n\t\t\t\t\t\t\t\t<\/div>\n\t\t\t\t\t<\/div>\n\t\t<\/div>\n\t\t\t\t\t<\/div>\n\t\t<\/section>\n\t\t\t\t<\/div>\n\t\t","protected":false},"excerpt":{"rendered":"<p>V\u00a0minul\u00e9m roce se \u017e\u00e1ci \u0161est\u00fdch a sedm\u00fdch ro\u010dn\u00edk\u016f ji\u017e t\u0159et\u00edm rokem z\u00fa\u010dastnili jako podava\u010di m\u00ed\u010dk\u016f na mezin\u00e1rodn\u00edm turnaji pro posti\u017een\u00e9 stoln\u00ed tenisty Czech Para Open 2022. A\u010dkoli to byla akce velmi n\u00e1ro\u010dn\u00e1, na\u0161i \u017e\u00e1ci se j\u00ed zhostili velmi dob\u0159e. Byli jsme jednak pochv\u00e1leni organiza\u010dn\u00edm v\u00fdborem, jednak sami d\u011bti byly nakonec z\u00a0t\u00e9to akce nad\u0161en\u00e9. \u00a0Proto jsme se rozhodli z\u00fa\u010dastnit se turnaje Czech Para Open 2023, kter\u00fd se konal v term\u00ednu od 22. 6. 2023 do 24. 6. 2023, i v\u00a0leto\u0161n\u00edm \u0161koln\u00edm roce. Na z\u00e1klad\u011b na\u0161\u00ed \u017e\u00e1dosti schv\u00e1lil organiza\u010dn\u00ed v\u00fdbor z\u00e1sadn\u00ed zm\u011bnu \u2013 v\u00a0tomto roce byli na\u0161i \u017e\u00e1ci rozd\u011bleni do dvou skupin. Prvn\u00ed skupina pracovala na turnaji od 9:00 hod. do 14:00. hod., druh\u00e1 supina od 14:00 hod. do 20:00 hod. Akce se z\u00fa\u010dastnilo celkem 60 \u017e\u00e1k\u016f 6. a\u017e 9. ro\u010dn\u00edk\u016f. Ka\u017ed\u00fd \u017e\u00e1k obdr\u017eel turnajov\u00e9 tri\u010dko, stejn\u011b tak jako sva\u010dinu, ob\u011bd nebo ve\u010de\u0159i. S\u00a0\u017e\u00e1ky se turnaje v\u017edy z\u00fa\u010dastnili vybran\u00ed u\u010ditel\u00e9 na\u0161\u00ed \u0161koly. Pro \u017e\u00e1ky aktivn\u00ed \u00fa\u010dast ve h\u0159e p\u0159in\u00e1\u0161\u00ed opravdu nezapomenuteln\u00fd z\u00e1\u017eitek na osobn\u00ed setk\u00e1n\u00ed se zahrani\u010dn\u00edmi sportovci, s\u00a0paraolympioniky i medailisty, na jejich pod\u011bkov\u00e1n\u00ed za pomoc ve h\u0159e. Ale hlavn\u011b jim tento turnaj op\u011bt uk\u00e1zal jedine\u010dn\u00fd pohled na \u010dlov\u011bka s\u00a0handicapem, kter\u00fd i p\u0159es sv\u00e9 posti\u017een\u00ed dok\u00e1\u017ee \u017e\u00edt plnohodnotn\u00fd a \u010dasto velmi intenzivn\u00ed \u017eivot. Z\u00e1rove\u0148 si tak\u00e9 v\u0161ichni, a to nejen \u017e\u00e1ci, ale tak\u00e9 u\u010ditel\u00e9, mohli uv\u011bdomit a p\u0159ipomenout, jak\u00e9 benefity n\u00e1m v\u0161em p\u0159in\u00e1\u0161\u00ed \u017eivot bez omezen\u00ed. Jeliko\u017e jsem se t\u00e9to akce, stejn\u011b jako v\u00a0minul\u00e9m roce, osobn\u011b z\u00fa\u010dastnila, mohu opravdu \u0159\u00edci, \u017ee tato akce m\u011bla pro v\u0161echny z\u00a0n\u00e1s hlub\u0161\u00ed smysl, propojila n\u00e1s v\u00a0jeden celek a mohli jsme spole\u010dn\u011b za\u017e\u00edvat chv\u00edle, kter\u00e9 jsou neopakovateln\u00e9. Mgr. Martina Pelik\u00e1nov\u00e1 Pod\u011bkov\u00e1n\u00ed (pod\u011bkov\u00e1n\u00ed organiza\u010dn\u00edho v\u00fdboru Czech Para Open 2023)\u00a0 \u00a0<\/p>\n","protected":false},"author":2,"featured_media":0,"comment_status":"open","ping_status":"open","sticky":false,"template":"","format":"gallery","meta":{"footnotes":""},"categories":[17,16],"tags":[],"class_list":["post-11175","post","type-post","status-publish","format-gallery","hentry","category-akce","category-aktuality","post_format-post-format-gallery"],"rttpg_featured_image_url":null,"rttpg_author":{"display_name":"admin","author_link":"https:\/\/www.zsmasaryk.cz\/index.php\/author\/admin\/"},"rttpg_comment":0,"rttpg_category":"<a href=\"https:\/\/www.zsmasaryk.cz\/index.php\/category\/akce\/\" rel=\"category tag\">Akce \u0161koly<\/a> <a href=\"https:\/\/www.zsmasaryk.cz\/index.php\/category\/aktuality\/\" rel=\"category tag\">Aktuality<\/a>","rttpg_excerpt":"V\u00a0minul\u00e9m roce se \u017e\u00e1ci \u0161est\u00fdch a sedm\u00fdch ro\u010dn\u00edk\u016f ji\u017e t\u0159et\u00edm rokem z\u00fa\u010dastnili jako podava\u010di m\u00ed\u010dk\u016f na mezin\u00e1rodn\u00edm turnaji pro posti\u017een\u00e9 stoln\u00ed tenisty Czech Para Open 2022. A\u010dkoli to byla akce velmi n\u00e1ro\u010dn\u00e1, na\u0161i \u017e\u00e1ci se j\u00ed zhostili velmi dob\u0159e. Byli jsme jednak pochv\u00e1leni organiza\u010dn\u00edm v\u00fdborem, jednak sami d\u011bti byly nakonec z\u00a0t\u00e9to akce nad\u0161en\u00e9. \u00a0Proto jsme&hellip;","_links":{"self":[{"href":"https:\/\/www.zsmasaryk.cz\/index.php\/wp-json\/wp\/v2\/posts\/11175","targetHints":{"allow":["GET"]}}],"collection":[{"href":"https:\/\/www.zsmasaryk.cz\/index.php\/wp-json\/wp\/v2\/posts"}],"about":[{"href":"https:\/\/www.zsmasaryk.cz\/index.php\/wp-json\/wp\/v2\/types\/post"}],"author":[{"embeddable":true,"href":"https:\/\/www.zsmasaryk.cz\/index.php\/wp-json\/wp\/v2\/users\/2"}],"replies":[{"embeddable":true,"href":"https:\/\/www.zsmasaryk.cz\/index.php\/wp-json\/wp\/v2\/comments?post=11175"}],"version-history":[{"count":0,"href":"https:\/\/www.zsmasaryk.cz\/index.php\/wp-json\/wp\/v2\/posts\/11175\/revisions"}],"wp:attachment":[{"href":"https:\/\/www.zsmasaryk.cz\/index.php\/wp-json\/wp\/v2\/media?parent=11175"}],"wp:term":[{"taxonomy":"category","embeddable":true,"href":"https:\/\/www.zsmasaryk.cz\/index.php\/wp-json\/wp\/v2\/categories?post=11175"},{"taxonomy":"post_tag","embeddable":true,"href":"https:\/\/www.zsmasaryk.cz\/index.php\/wp-json\/wp\/v2\/tags?post=11175"}],"curies":[{"name":"wp","href":"https:\/\/api.w.org\/{rel}","templated":true}]}}