{"id":11365,"date":"2023-10-06T17:16:08","date_gmt":"2023-10-06T17:16:08","guid":{"rendered":"https:\/\/www.zsmasaryk.cz\/?p=11365"},"modified":"2023-10-06T17:28:16","modified_gmt":"2023-10-06T17:28:16","slug":"karel-capek-ve-vratimove","status":"publish","type":"post","link":"https:\/\/www.zsmasaryk.cz\/index.php\/2023\/10\/06\/karel-capek-ve-vratimove\/","title":{"rendered":"KAREL \u010cAPEK VE VRATIMOV\u011a"},"content":{"rendered":"\t\t<div data-elementor-type=\"wp-post\" data-elementor-id=\"11365\" class=\"elementor elementor-11365\">\n\t\t\t\t\t\t<section class=\"elementor-section elementor-top-section elementor-element elementor-element-242142c0 elementor-section-boxed elementor-section-height-default elementor-section-height-default\" data-id=\"242142c0\" data-element_type=\"section\" data-e-type=\"section\">\n\t\t\t\t\t\t<div class=\"elementor-container elementor-column-gap-default\">\n\t\t\t\t\t<div class=\"elementor-column elementor-col-100 elementor-top-column elementor-element elementor-element-5d035185\" data-id=\"5d035185\" data-element_type=\"column\" data-e-type=\"column\">\n\t\t\t<div class=\"elementor-widget-wrap elementor-element-populated\">\n\t\t\t\t\t\t<div class=\"elementor-element elementor-element-8137add elementor-widget elementor-widget-text-editor\" data-id=\"8137add\" data-element_type=\"widget\" data-e-type=\"widget\" data-widget_type=\"text-editor.default\">\n\t\t\t\t\t\t\t\t\t<p><span style=\"color: #000000;\"><\/span><\/p>\n<p><span style=\"color: #000000;\">Se spisovatelem Karlem \u010capkem se d\u011bti setk\u00e1vaj\u00ed po celou dobu sv\u00e9 doch\u00e1zky do z\u00e1kladn\u00ed \u0161koly. Nejmen\u0161\u00ed d\u011bti \u010dtou vesel\u00e9 poh\u00e1dky o pejskovi a ko\u010di\u010dce a D\u00e1\u0161e\u0148ku. Star\u0161\u00ed \u017e\u00e1ci se nejprve seznamuj\u00ed s \u010capkovou knihou Devatero poh\u00e1dek a nakonec v 9. t\u0159\u00edd\u011b lu\u0161t\u00ed detektivn\u00ed p\u0159\u00edb\u011bhy z Pov\u00eddek z jedn\u00e9 a druh\u00e9 kapsy. Nav\u00edc je autorem slova robot, kter\u00e9 je u mlad\u00e9 generace tak popul\u00e1rn\u00ed.<\/span><\/p>\n<p><span style=\"color: #000000;\">Nen\u00ed tedy divu, \u017ee \u017e\u00e1ky v\u00fdstava, kter\u00e1 prob\u00edhala cel\u00e9 z\u00e1\u0159\u00ed v KS Vratimov, opravdu zaujala. Nejprve \u017e\u00e1ci 2. stupn\u011b ve st\u0159edu 27. z\u00e1\u0159\u00ed 2023 zhl\u00e9dli kr\u00e1tk\u00fd dokument, ve kter\u00e9m se sezn\u00e1mili s \u017eivotn\u00edm p\u0159\u00edb\u011bhem Karla \u010capka. Ve druh\u00e9 \u010d\u00e1sti v\u00fdstavy dostali \u017e\u00e1ci od sv\u00fdch vyu\u010duj\u00edc\u00edch pracovn\u00ed list, kter\u00fd obsahoval ot\u00e1zky, na kter\u00e9 \u017e\u00e1ci vyhled\u00e1vali odpov\u011bdi na tabul\u00edch instalovan\u00fdch v galerii Kulturn\u00edho st\u0159ediska ve Vratimov\u011b. Panely byly p\u0159ivezeny p\u0159\u00edmo z Pam\u00e1tn\u00edku Karla \u010capka ve Star\u00e9 Huti u Dob\u0159\u00ed\u0161e. N\u011bkte\u0159\u00ed \u017e\u00e1ci vyhled\u00e1vali informace snadno, n\u011bkter\u00fdm museli kamar\u00e1di trochu pomoci. V\u0161ichni v\u0161ak nakonec odch\u00e1zeli z v\u00fdstavy \u017divot a doba spisovatele Karla \u010capka s vypln\u011bn\u00fdm pracovn\u00edm listem. Kdy\u017e si pak v hodin\u011b literatury sv\u00e9 odpov\u011bdi kontrolovali, vznikaly hezk\u00e9 \u010dten\u00e1\u0159sk\u00e9 besedy o informac\u00edch, kter\u00e9 na v\u00fdstav\u011b z\u00edskali. Nezb\u00fdv\u00e1 ne\u017e pod\u011bkovat zam\u011bstnanc\u016fm KS Vratimov za hezkou v\u00fdstavu, kter\u00e1 \u017e\u00e1k\u016fm umo\u017enila detailn\u011b se sezn\u00e1mit s jedn\u00edm z nejv\u00fdrazn\u011bj\u0161\u00edch \u010desk\u00fdch spisovatel\u016f 20. stolet\u00ed.<\/span><\/p>\n<p style=\"text-align: right;\"><span style=\"color: #000000;\">\u00a0\u00a0\u00a0\u00a0\u00a0\u00a0\u00a0\u00a0\u00a0\u00a0\u00a0\u00a0\u00a0\u00a0\u00a0\u00a0\u00a0\u00a0\u00a0\u00a0\u00a0\u00a0\u00a0\u00a0\u00a0\u00a0\u00a0\u00a0\u00a0\u00a0\u00a0\u00a0\u00a0\u00a0\u00a0\u00a0\u00a0\u00a0\u00a0\u00a0\u00a0\u00a0\u00a0 s pod\u011bkov\u00e1n\u00edm vyu\u010duj\u00edc\u00ed jazyka \u010desk\u00e9ho<\/span><\/p>\n<p style=\"text-align: center;\"><span style=\"color: #000000;\"><a href=\"https:\/\/photos.app.goo.gl\/SKw9HH3U41Edp5wj8\" target=\"_blank\" rel=\"noopener\">FOTOGALERIE<\/a>\u00a0<\/span><\/p>\n<p><span style=\"color: #000000;\"><\/span><\/p>\t\t\t\t\t\t\t\t<\/div>\n\t\t\t\t\t<\/div>\n\t\t<\/div>\n\t\t\t\t\t<\/div>\n\t\t<\/section>\n\t\t\t\t<\/div>\n\t\t","protected":false},"excerpt":{"rendered":"<p>Se spisovatelem Karlem \u010capkem se d\u011bti setk\u00e1vaj\u00ed po celou dobu sv\u00e9 doch\u00e1zky do z\u00e1kladn\u00ed \u0161koly. Nejmen\u0161\u00ed d\u011bti \u010dtou vesel\u00e9 poh\u00e1dky o pejskovi a ko\u010di\u010dce a D\u00e1\u0161e\u0148ku. Star\u0161\u00ed \u017e\u00e1ci se nejprve seznamuj\u00ed s \u010capkovou knihou Devatero poh\u00e1dek a nakonec v 9. t\u0159\u00edd\u011b lu\u0161t\u00ed detektivn\u00ed p\u0159\u00edb\u011bhy z Pov\u00eddek z jedn\u00e9 a druh\u00e9 kapsy. Nav\u00edc je autorem slova robot, kter\u00e9 je u mlad\u00e9 generace tak popul\u00e1rn\u00ed. Nen\u00ed tedy divu, \u017ee \u017e\u00e1ky v\u00fdstava, kter\u00e1 prob\u00edhala cel\u00e9 z\u00e1\u0159\u00ed v KS Vratimov, opravdu zaujala. Nejprve \u017e\u00e1ci 2. stupn\u011b ve st\u0159edu 27. z\u00e1\u0159\u00ed 2023 zhl\u00e9dli kr\u00e1tk\u00fd dokument, ve kter\u00e9m se sezn\u00e1mili s \u017eivotn\u00edm p\u0159\u00edb\u011bhem Karla \u010capka. Ve druh\u00e9 \u010d\u00e1sti v\u00fdstavy dostali \u017e\u00e1ci od sv\u00fdch vyu\u010duj\u00edc\u00edch pracovn\u00ed list, kter\u00fd obsahoval ot\u00e1zky, na kter\u00e9 \u017e\u00e1ci vyhled\u00e1vali odpov\u011bdi na tabul\u00edch instalovan\u00fdch v galerii Kulturn\u00edho st\u0159ediska ve Vratimov\u011b. Panely byly p\u0159ivezeny p\u0159\u00edmo z Pam\u00e1tn\u00edku Karla \u010capka ve Star\u00e9 Huti u Dob\u0159\u00ed\u0161e. N\u011bkte\u0159\u00ed \u017e\u00e1ci vyhled\u00e1vali informace snadno, n\u011bkter\u00fdm museli kamar\u00e1di trochu pomoci. V\u0161ichni v\u0161ak nakonec odch\u00e1zeli z v\u00fdstavy \u017divot a doba spisovatele Karla \u010capka s vypln\u011bn\u00fdm pracovn\u00edm listem. Kdy\u017e si pak v hodin\u011b literatury sv\u00e9 odpov\u011bdi kontrolovali, vznikaly hezk\u00e9 \u010dten\u00e1\u0159sk\u00e9 besedy o informac\u00edch, kter\u00e9 na v\u00fdstav\u011b z\u00edskali. Nezb\u00fdv\u00e1 ne\u017e pod\u011bkovat zam\u011bstnanc\u016fm KS Vratimov za hezkou v\u00fdstavu, kter\u00e1 \u017e\u00e1k\u016fm umo\u017enila detailn\u011b se sezn\u00e1mit s jedn\u00edm z nejv\u00fdrazn\u011bj\u0161\u00edch \u010desk\u00fdch spisovatel\u016f 20. stolet\u00ed. \u00a0\u00a0\u00a0\u00a0\u00a0\u00a0\u00a0\u00a0\u00a0\u00a0\u00a0\u00a0\u00a0\u00a0\u00a0\u00a0\u00a0\u00a0\u00a0\u00a0\u00a0\u00a0\u00a0\u00a0\u00a0\u00a0\u00a0\u00a0\u00a0\u00a0\u00a0\u00a0\u00a0\u00a0\u00a0\u00a0\u00a0\u00a0\u00a0\u00a0\u00a0\u00a0\u00a0 s pod\u011bkov\u00e1n\u00edm vyu\u010duj\u00edc\u00ed jazyka \u010desk\u00e9ho FOTOGALERIE\u00a0<\/p>\n","protected":false},"author":2,"featured_media":0,"comment_status":"open","ping_status":"open","sticky":false,"template":"","format":"standard","meta":{"footnotes":""},"categories":[17,16],"tags":[],"class_list":["post-11365","post","type-post","status-publish","format-standard","hentry","category-akce","category-aktuality"],"rttpg_featured_image_url":null,"rttpg_author":{"display_name":"admin","author_link":"https:\/\/www.zsmasaryk.cz\/index.php\/author\/admin\/"},"rttpg_comment":0,"rttpg_category":"<a href=\"https:\/\/www.zsmasaryk.cz\/index.php\/category\/akce\/\" rel=\"category tag\">Akce \u0161koly<\/a> <a href=\"https:\/\/www.zsmasaryk.cz\/index.php\/category\/aktuality\/\" rel=\"category tag\">Aktuality<\/a>","rttpg_excerpt":"Se spisovatelem Karlem \u010capkem se d\u011bti setk\u00e1vaj\u00ed po celou dobu sv\u00e9 doch\u00e1zky do z\u00e1kladn\u00ed \u0161koly. Nejmen\u0161\u00ed d\u011bti \u010dtou vesel\u00e9 poh\u00e1dky o pejskovi a ko\u010di\u010dce a D\u00e1\u0161e\u0148ku. Star\u0161\u00ed \u017e\u00e1ci se nejprve seznamuj\u00ed s \u010capkovou knihou Devatero poh\u00e1dek a nakonec v 9. t\u0159\u00edd\u011b lu\u0161t\u00ed detektivn\u00ed p\u0159\u00edb\u011bhy z Pov\u00eddek z jedn\u00e9 a druh\u00e9 kapsy. Nav\u00edc je autorem slova&hellip;","_links":{"self":[{"href":"https:\/\/www.zsmasaryk.cz\/index.php\/wp-json\/wp\/v2\/posts\/11365","targetHints":{"allow":["GET"]}}],"collection":[{"href":"https:\/\/www.zsmasaryk.cz\/index.php\/wp-json\/wp\/v2\/posts"}],"about":[{"href":"https:\/\/www.zsmasaryk.cz\/index.php\/wp-json\/wp\/v2\/types\/post"}],"author":[{"embeddable":true,"href":"https:\/\/www.zsmasaryk.cz\/index.php\/wp-json\/wp\/v2\/users\/2"}],"replies":[{"embeddable":true,"href":"https:\/\/www.zsmasaryk.cz\/index.php\/wp-json\/wp\/v2\/comments?post=11365"}],"version-history":[{"count":0,"href":"https:\/\/www.zsmasaryk.cz\/index.php\/wp-json\/wp\/v2\/posts\/11365\/revisions"}],"wp:attachment":[{"href":"https:\/\/www.zsmasaryk.cz\/index.php\/wp-json\/wp\/v2\/media?parent=11365"}],"wp:term":[{"taxonomy":"category","embeddable":true,"href":"https:\/\/www.zsmasaryk.cz\/index.php\/wp-json\/wp\/v2\/categories?post=11365"},{"taxonomy":"post_tag","embeddable":true,"href":"https:\/\/www.zsmasaryk.cz\/index.php\/wp-json\/wp\/v2\/tags?post=11365"}],"curies":[{"name":"wp","href":"https:\/\/api.w.org\/{rel}","templated":true}]}}