{"id":11542,"date":"2023-12-06T15:52:30","date_gmt":"2023-12-06T15:52:30","guid":{"rendered":"https:\/\/www.zsmasaryk.cz\/?p=11542"},"modified":"2023-12-06T16:05:38","modified_gmt":"2023-12-06T16:05:38","slug":"projekt-krabice-od-bot-2","status":"publish","type":"post","link":"https:\/\/www.zsmasaryk.cz\/index.php\/2023\/12\/06\/projekt-krabice-od-bot-2\/","title":{"rendered":"PROJEKT &#8222;KRABICE OD BOT&#8220;"},"content":{"rendered":"\t\t<div data-elementor-type=\"wp-post\" data-elementor-id=\"11542\" class=\"elementor elementor-11542\">\n\t\t\t\t\t\t<section class=\"elementor-section elementor-top-section elementor-element elementor-element-5cf22ec elementor-section-boxed elementor-section-height-default elementor-section-height-default\" data-id=\"5cf22ec\" data-element_type=\"section\" data-e-type=\"section\">\n\t\t\t\t\t\t<div class=\"elementor-container elementor-column-gap-default\">\n\t\t\t\t\t<div class=\"elementor-column elementor-col-100 elementor-top-column elementor-element elementor-element-6c6f79dc\" data-id=\"6c6f79dc\" data-element_type=\"column\" data-e-type=\"column\">\n\t\t\t<div class=\"elementor-widget-wrap elementor-element-populated\">\n\t\t\t\t\t\t<div class=\"elementor-element elementor-element-6c8f1bc3 elementor-widget elementor-widget-text-editor\" data-id=\"6c8f1bc3\" data-element_type=\"widget\" data-e-type=\"widget\" data-widget_type=\"text-editor.default\">\n\t\t\t\t\t\t\t\t\t<p><span style=\"color: #000000;\"><\/span><\/p>\n<p><span style=\"color: #000000;\">M\u00e1me p\u0159ed sebou jeden z\u00a0nejkr\u00e1sn\u011bj\u0161\u00edch sv\u00e1tk\u016f v\u00a0roce, kter\u00fdmi V\u00e1noce zcela bezesporu jsou. Jedn\u00e1 se o \u010das, kter\u00fd tr\u00e1v\u00edme spole\u010dn\u011b se sv\u00fdmi nejbli\u017e\u0161\u00edmi. \u010cas, kdy m\u00e1me mo\u017enost se alespo\u0148 na chv\u00edli zastavit. \u010cas, kdy obdarov\u00e1v\u00e1me sv\u00e9 bl\u00edzk\u00e9, a t\u011b\u0161\u00edme se z\u00a0d\u00e1rk\u016f, kter\u00e9 jsme na\u0161li pod strome\u010dkem.<\/span><\/p>\n<p><span style=\"color: #000000;\"><\/span><\/p>\n<p><span style=\"color: #000000;\">V tomto p\u0159edv\u00e1no\u010dn\u00edm \u010dase se na\u0161e \u0161kola stejn\u011b jako v minul\u00fdch dvou letech zapojila do projektu \u201eKrabice od bot\u201c. \u00a0Tento projekt umo\u017e\u0148uje d\u011btem, jejich\u017e rodiny jsou v t\u00ed\u017eiv\u00e9 soci\u00e1ln\u00ed situaci, vyr\u016fstaj\u00ed v p\u011bstounsk\u00fdch rodin\u00e1ch \u010di azylov\u00fdch domech, z\u00edskat d\u00e1rky pod strome\u010dek. V leto\u0161n\u00edm roce prob\u011bhl ji\u017e 13. ro\u010dn\u00edk t\u00e9to sb\u00edrky.<\/span><\/p>\n<p><span style=\"color: #000000;\"><\/span><\/p>\n<p><span style=\"color: #000000;\">Od 20. 11. 2023, kdy sb\u00edrka odstartovala, se za\u010daly nejprve v\u00a0\u0159editeln\u011b \u0161koly a hned potom pod na\u0161\u00edm v\u00e1no\u010dn\u00edm strome\u010dkem objevovat prvn\u00ed krabice. P\u0159in\u00e1\u0161eli je \u017e\u00e1ci nap\u0159\u00ed\u010d v\u0161emi ro\u010dn\u00edky, od prv\u0148\u00e1\u010dk\u016f a\u017e po \u017e\u00e1ky dev\u00e1t\u00fdch t\u0159\u00edd. Ten pocit bych p\u0159\u00e1la ka\u017ed\u00e9mu z\u00a0V\u00e1s \u2013 pocit, \u017ee se dok\u00e1\u017eeme spojit pro dobrou v\u011bc, \u017ee n\u00e1m a na\u0161im d\u011btem nen\u00ed lhostejn\u00e1 \u010dasto velmi \u0161patn\u00e1 situace v\u00a0n\u011bkter\u00fdch rodin\u00e1ch, \u017ee jsme schopni se pod\u011blit, b\u00fdt empati\u010dt\u00ed a vn\u00edmav\u00ed.<\/span><\/p>\n<p><span style=\"color: #000000;\"><\/span><\/p>\n<p><span style=\"color: #000000;\">V\u00a0\u00fater\u00fd 5. 12. 2023 jsem odv\u00e1\u017eela na ur\u010den\u00e9 sb\u011brn\u00e9 m\u00edsto celkem 63 d\u00e1rk\u016f, kter\u00e9 v\u011bnovali \u017e\u00e1ci na\u0161\u00ed \u0161koly, jejich rodi\u010de, ale tak\u00e9 pedagogov\u00e9 \u0161koly. To je \u00factyhodn\u00e9 \u010d\u00edslo. A tak bych cht\u011bla touto cestou moc pod\u011bkovat v\u0161em na\u0161im rodi\u010d\u016fm a jejich d\u011btem za \u00fa\u010dast v\u00a0t\u00e9to sb\u00edrce, a tak\u00e9 za jejich ochotu a \u010das, kter\u00fd spole\u010dn\u011b v\u011bnovali v\u00fdb\u011bru a zabalen\u00ed d\u00e1rk\u016f pro jin\u00e9 d\u011bti. A z\u00e1rove\u0148 bych p\u0159\u00e1la n\u00e1m v\u0161em, abychom v\u00a0p\u0159\u00edpad\u011b, \u017ee to bude pot\u0159eba, tak\u00e9 na\u0161li podanou ruku, kter\u00e1 n\u00e1m pom\u016f\u017ee a p\u0159ipomene, \u017ee tady nejsme sami.<\/span><\/p>\n<p style=\"text-align: center;\"><a href=\"http:\/\/www.zsmasaryk.cz\/wp-content\/uploads\/2023\/12\/Cerifikat_Krabice-od-bot_05122023.pdf\" target=\"_blank\" rel=\"noopener\">Cerifik\u00e1t_Krabice od bot<\/a><\/p>\n<p><span style=\"color: #000000;\"><\/span><\/p>\n<p style=\"text-align: right;\"><span style=\"color: #000000;\">M. Pelik\u00e1nov\u00e1, \u0159editelka \u0161koly<\/span><\/p>\n<p>\u00a0<\/p>\n<p><span style=\"color: #000000;\"><\/span><\/p>\t\t\t\t\t\t\t\t<\/div>\n\t\t\t\t\t<\/div>\n\t\t<\/div>\n\t\t\t\t\t<\/div>\n\t\t<\/section>\n\t\t\t\t<\/div>\n\t\t","protected":false},"excerpt":{"rendered":"<p>M\u00e1me p\u0159ed sebou jeden z\u00a0nejkr\u00e1sn\u011bj\u0161\u00edch sv\u00e1tk\u016f v\u00a0roce, kter\u00fdmi V\u00e1noce zcela bezesporu jsou. Jedn\u00e1 se o \u010das, kter\u00fd tr\u00e1v\u00edme spole\u010dn\u011b se sv\u00fdmi nejbli\u017e\u0161\u00edmi. \u010cas, kdy m\u00e1me mo\u017enost se alespo\u0148 na chv\u00edli zastavit. \u010cas, kdy obdarov\u00e1v\u00e1me sv\u00e9 bl\u00edzk\u00e9, a t\u011b\u0161\u00edme se z\u00a0d\u00e1rk\u016f, kter\u00e9 jsme na\u0161li pod strome\u010dkem. V tomto p\u0159edv\u00e1no\u010dn\u00edm \u010dase se na\u0161e \u0161kola stejn\u011b jako v minul\u00fdch dvou letech zapojila do projektu \u201eKrabice od bot\u201c. \u00a0Tento projekt umo\u017e\u0148uje d\u011btem, jejich\u017e rodiny jsou v t\u00ed\u017eiv\u00e9 soci\u00e1ln\u00ed situaci, vyr\u016fstaj\u00ed v p\u011bstounsk\u00fdch rodin\u00e1ch \u010di azylov\u00fdch domech, z\u00edskat d\u00e1rky pod strome\u010dek. V leto\u0161n\u00edm roce prob\u011bhl ji\u017e 13. ro\u010dn\u00edk t\u00e9to sb\u00edrky. Od 20. 11. 2023, kdy sb\u00edrka odstartovala, se za\u010daly nejprve v\u00a0\u0159editeln\u011b \u0161koly a hned potom pod na\u0161\u00edm v\u00e1no\u010dn\u00edm strome\u010dkem objevovat prvn\u00ed krabice. P\u0159in\u00e1\u0161eli je \u017e\u00e1ci nap\u0159\u00ed\u010d v\u0161emi ro\u010dn\u00edky, od prv\u0148\u00e1\u010dk\u016f a\u017e po \u017e\u00e1ky dev\u00e1t\u00fdch t\u0159\u00edd. Ten pocit bych p\u0159\u00e1la ka\u017ed\u00e9mu z\u00a0V\u00e1s \u2013 pocit, \u017ee se dok\u00e1\u017eeme spojit pro dobrou v\u011bc, \u017ee n\u00e1m a na\u0161im d\u011btem nen\u00ed lhostejn\u00e1 \u010dasto velmi \u0161patn\u00e1 situace v\u00a0n\u011bkter\u00fdch rodin\u00e1ch, \u017ee jsme schopni se pod\u011blit, b\u00fdt empati\u010dt\u00ed a vn\u00edmav\u00ed. V\u00a0\u00fater\u00fd 5. 12. 2023 jsem odv\u00e1\u017eela na ur\u010den\u00e9 sb\u011brn\u00e9 m\u00edsto celkem 63 d\u00e1rk\u016f, kter\u00e9 v\u011bnovali \u017e\u00e1ci na\u0161\u00ed \u0161koly, jejich rodi\u010de, ale tak\u00e9 pedagogov\u00e9 \u0161koly. To je \u00factyhodn\u00e9 \u010d\u00edslo. A tak bych cht\u011bla touto cestou moc pod\u011bkovat v\u0161em na\u0161im rodi\u010d\u016fm a jejich d\u011btem za \u00fa\u010dast v\u00a0t\u00e9to sb\u00edrce, a tak\u00e9 za jejich ochotu a \u010das, kter\u00fd spole\u010dn\u011b v\u011bnovali v\u00fdb\u011bru a zabalen\u00ed d\u00e1rk\u016f pro jin\u00e9 d\u011bti. A z\u00e1rove\u0148 bych p\u0159\u00e1la n\u00e1m v\u0161em, abychom v\u00a0p\u0159\u00edpad\u011b, \u017ee to bude pot\u0159eba, tak\u00e9 na\u0161li podanou ruku, kter\u00e1 n\u00e1m pom\u016f\u017ee a p\u0159ipomene, \u017ee tady nejsme sami. Cerifik\u00e1t_Krabice od bot M. Pelik\u00e1nov\u00e1, \u0159editelka \u0161koly \u00a0<\/p>\n","protected":false},"author":2,"featured_media":0,"comment_status":"open","ping_status":"open","sticky":false,"template":"","format":"gallery","meta":{"footnotes":""},"categories":[16],"tags":[],"class_list":["post-11542","post","type-post","status-publish","format-gallery","hentry","category-aktuality","post_format-post-format-gallery"],"rttpg_featured_image_url":null,"rttpg_author":{"display_name":"admin","author_link":"https:\/\/www.zsmasaryk.cz\/index.php\/author\/admin\/"},"rttpg_comment":0,"rttpg_category":"<a href=\"https:\/\/www.zsmasaryk.cz\/index.php\/category\/aktuality\/\" rel=\"category tag\">Aktuality<\/a>","rttpg_excerpt":"M\u00e1me p\u0159ed sebou jeden z\u00a0nejkr\u00e1sn\u011bj\u0161\u00edch sv\u00e1tk\u016f v\u00a0roce, kter\u00fdmi V\u00e1noce zcela bezesporu jsou. Jedn\u00e1 se o \u010das, kter\u00fd tr\u00e1v\u00edme spole\u010dn\u011b se sv\u00fdmi nejbli\u017e\u0161\u00edmi. \u010cas, kdy m\u00e1me mo\u017enost se alespo\u0148 na chv\u00edli zastavit. \u010cas, kdy obdarov\u00e1v\u00e1me sv\u00e9 bl\u00edzk\u00e9, a t\u011b\u0161\u00edme se z\u00a0d\u00e1rk\u016f, kter\u00e9 jsme na\u0161li pod strome\u010dkem. V tomto p\u0159edv\u00e1no\u010dn\u00edm \u010dase se na\u0161e \u0161kola stejn\u011b jako v&hellip;","_links":{"self":[{"href":"https:\/\/www.zsmasaryk.cz\/index.php\/wp-json\/wp\/v2\/posts\/11542","targetHints":{"allow":["GET"]}}],"collection":[{"href":"https:\/\/www.zsmasaryk.cz\/index.php\/wp-json\/wp\/v2\/posts"}],"about":[{"href":"https:\/\/www.zsmasaryk.cz\/index.php\/wp-json\/wp\/v2\/types\/post"}],"author":[{"embeddable":true,"href":"https:\/\/www.zsmasaryk.cz\/index.php\/wp-json\/wp\/v2\/users\/2"}],"replies":[{"embeddable":true,"href":"https:\/\/www.zsmasaryk.cz\/index.php\/wp-json\/wp\/v2\/comments?post=11542"}],"version-history":[{"count":0,"href":"https:\/\/www.zsmasaryk.cz\/index.php\/wp-json\/wp\/v2\/posts\/11542\/revisions"}],"wp:attachment":[{"href":"https:\/\/www.zsmasaryk.cz\/index.php\/wp-json\/wp\/v2\/media?parent=11542"}],"wp:term":[{"taxonomy":"category","embeddable":true,"href":"https:\/\/www.zsmasaryk.cz\/index.php\/wp-json\/wp\/v2\/categories?post=11542"},{"taxonomy":"post_tag","embeddable":true,"href":"https:\/\/www.zsmasaryk.cz\/index.php\/wp-json\/wp\/v2\/tags?post=11542"}],"curies":[{"name":"wp","href":"https:\/\/api.w.org\/{rel}","templated":true}]}}