{"id":11639,"date":"2024-01-03T12:44:25","date_gmt":"2024-01-03T12:44:25","guid":{"rendered":"https:\/\/www.zsmasaryk.cz\/?p=11639"},"modified":"2024-01-03T19:11:08","modified_gmt":"2024-01-03T19:11:08","slug":"predvanocni-workshop-v-ostravskem-muzeu","status":"publish","type":"post","link":"https:\/\/www.zsmasaryk.cz\/index.php\/2024\/01\/03\/predvanocni-workshop-v-ostravskem-muzeu\/","title":{"rendered":"P\u0158EDV\u00c1NO\u010cN\u00cd WORKSHOP V OSTRAVSK\u00c9M MUZEU"},"content":{"rendered":"\t\t<div data-elementor-type=\"wp-post\" data-elementor-id=\"11639\" class=\"elementor elementor-11639\">\n\t\t\t\t\t\t<section class=\"elementor-section elementor-top-section elementor-element elementor-element-3e738557 elementor-section-boxed elementor-section-height-default elementor-section-height-default\" data-id=\"3e738557\" data-element_type=\"section\" data-e-type=\"section\">\n\t\t\t\t\t\t<div class=\"elementor-container elementor-column-gap-default\">\n\t\t\t\t\t<div class=\"elementor-column elementor-col-100 elementor-top-column elementor-element elementor-element-623813f9\" data-id=\"623813f9\" data-element_type=\"column\" data-e-type=\"column\">\n\t\t\t<div class=\"elementor-widget-wrap elementor-element-populated\">\n\t\t\t\t\t\t<div class=\"elementor-element elementor-element-2ba22411 elementor-widget elementor-widget-text-editor\" data-id=\"2ba22411\" data-element_type=\"widget\" data-e-type=\"widget\" data-widget_type=\"text-editor.default\">\n\t\t\t\t\t\t\t\t\t\n<p><span style=\"color: #000000;\">Ve st\u0159edu <strong>20.12.2023<\/strong> se <strong>5. a 7. t\u0159\u00edda<\/strong> vypravila na mal\u00fd <strong>p\u0159edv\u00e1no\u010dn\u00ed v\u00fdlet do Ostravy<\/strong>. B\u011bhem dopoledne t\u0159\u00eddy nav\u0161t\u00edvily <strong>Katedr\u00e1lu Bo\u017esk\u00e9ho Spasitele<\/strong>, kde si prohl\u00e9dly pohybliv\u00fd betl\u00e9m, a <strong>Muzeum m\u011bsta Ostravy<\/strong>. Zde se sezn\u00e1mili s\u00a0v\u00e1no\u010dn\u00edmi tradicemi a zvyky, prohl\u00e9dli si v\u00fdstavu betl\u00e9m\u016f a na z\u00e1v\u011br si ka\u017ed\u00fd \u017e\u00e1k vyrobil jednu nebo dv\u011b postavy \u010di zv\u00ed\u0159ata z betl\u00e9ma z\u00a0p\u0159ipraven\u00fdch materi\u00e1l\u016f. Ka\u017ed\u00e1 t\u0159\u00edda si tak odvezla <strong>sv\u016fj origin\u00e1ln\u00ed betl\u00e9m<\/strong>. Na z\u00e1v\u011br dostali v\u0161ichni o\u010dek\u00e1van\u00fd \u201erozchod\u201c a s\u00a0radost\u00ed prozkoumali <strong>v\u00e1no\u010dn\u00ed trhy na Masarykov\u011b n\u00e1m\u011bst\u00ed.<\/strong><\/span><\/p>\n<p><span style=\"color: #000000;\"><\/span><\/p>\n<p style=\"text-align: right;\"><span style=\"color: #000000;\">Irena Lipt\u00e1kov\u00e1, Petra Mrnu\u0161t\u00edkov\u00e1 a Lucie Z\u00e1topkov\u00e1<\/span><\/p>\n<p style=\"text-align: center;\"><a href=\"https:\/\/www.rajce.idnes.cz\/bawaja\/album\/predvanocni-dilny-7-tr-v-ostrave\" target=\"_blank\" rel=\"noopener\"><strong>FOTOGALERIE<\/strong><\/a><\/p>\n\t\t\t\t\t\t\t\t<\/div>\n\t\t\t\t\t<\/div>\n\t\t<\/div>\n\t\t\t\t\t<\/div>\n\t\t<\/section>\n\t\t\t\t<\/div>\n\t\t","protected":false},"excerpt":{"rendered":"<p>Ve st\u0159edu 20.12.2023 se 5. a 7. t\u0159\u00edda vypravila na mal\u00fd p\u0159edv\u00e1no\u010dn\u00ed v\u00fdlet do Ostravy. B\u011bhem dopoledne t\u0159\u00eddy nav\u0161t\u00edvily Katedr\u00e1lu Bo\u017esk\u00e9ho Spasitele, kde si prohl\u00e9dly pohybliv\u00fd betl\u00e9m, a Muzeum m\u011bsta Ostravy. Zde se sezn\u00e1mili s\u00a0v\u00e1no\u010dn\u00edmi tradicemi a zvyky, prohl\u00e9dli si v\u00fdstavu betl\u00e9m\u016f a na z\u00e1v\u011br si ka\u017ed\u00fd \u017e\u00e1k vyrobil jednu nebo dv\u011b postavy \u010di zv\u00ed\u0159ata z betl\u00e9ma z\u00a0p\u0159ipraven\u00fdch materi\u00e1l\u016f. Ka\u017ed\u00e1 t\u0159\u00edda si tak odvezla sv\u016fj origin\u00e1ln\u00ed betl\u00e9m. Na z\u00e1v\u011br dostali v\u0161ichni o\u010dek\u00e1van\u00fd \u201erozchod\u201c a s\u00a0radost\u00ed prozkoumali v\u00e1no\u010dn\u00ed trhy na Masarykov\u011b n\u00e1m\u011bst\u00ed. Irena Lipt\u00e1kov\u00e1, Petra Mrnu\u0161t\u00edkov\u00e1 a Lucie Z\u00e1topkov\u00e1 FOTOGALERIE<\/p>\n","protected":false},"author":2,"featured_media":0,"comment_status":"open","ping_status":"open","sticky":false,"template":"","format":"gallery","meta":{"footnotes":""},"categories":[16],"tags":[],"class_list":["post-11639","post","type-post","status-publish","format-gallery","hentry","category-aktuality","post_format-post-format-gallery"],"rttpg_featured_image_url":null,"rttpg_author":{"display_name":"admin","author_link":"https:\/\/www.zsmasaryk.cz\/index.php\/author\/admin\/"},"rttpg_comment":0,"rttpg_category":"<a href=\"https:\/\/www.zsmasaryk.cz\/index.php\/category\/aktuality\/\" rel=\"category tag\">Aktuality<\/a>","rttpg_excerpt":"Ve st\u0159edu 20.12.2023 se 5. a 7. t\u0159\u00edda vypravila na mal\u00fd p\u0159edv\u00e1no\u010dn\u00ed v\u00fdlet do Ostravy. B\u011bhem dopoledne t\u0159\u00eddy nav\u0161t\u00edvily Katedr\u00e1lu Bo\u017esk\u00e9ho Spasitele, kde si prohl\u00e9dly pohybliv\u00fd betl\u00e9m, a Muzeum m\u011bsta Ostravy. Zde se sezn\u00e1mili s\u00a0v\u00e1no\u010dn\u00edmi tradicemi a zvyky, prohl\u00e9dli si v\u00fdstavu betl\u00e9m\u016f a na z\u00e1v\u011br si ka\u017ed\u00fd \u017e\u00e1k vyrobil jednu nebo dv\u011b postavy \u010di zv\u00ed\u0159ata&hellip;","_links":{"self":[{"href":"https:\/\/www.zsmasaryk.cz\/index.php\/wp-json\/wp\/v2\/posts\/11639","targetHints":{"allow":["GET"]}}],"collection":[{"href":"https:\/\/www.zsmasaryk.cz\/index.php\/wp-json\/wp\/v2\/posts"}],"about":[{"href":"https:\/\/www.zsmasaryk.cz\/index.php\/wp-json\/wp\/v2\/types\/post"}],"author":[{"embeddable":true,"href":"https:\/\/www.zsmasaryk.cz\/index.php\/wp-json\/wp\/v2\/users\/2"}],"replies":[{"embeddable":true,"href":"https:\/\/www.zsmasaryk.cz\/index.php\/wp-json\/wp\/v2\/comments?post=11639"}],"version-history":[{"count":0,"href":"https:\/\/www.zsmasaryk.cz\/index.php\/wp-json\/wp\/v2\/posts\/11639\/revisions"}],"wp:attachment":[{"href":"https:\/\/www.zsmasaryk.cz\/index.php\/wp-json\/wp\/v2\/media?parent=11639"}],"wp:term":[{"taxonomy":"category","embeddable":true,"href":"https:\/\/www.zsmasaryk.cz\/index.php\/wp-json\/wp\/v2\/categories?post=11639"},{"taxonomy":"post_tag","embeddable":true,"href":"https:\/\/www.zsmasaryk.cz\/index.php\/wp-json\/wp\/v2\/tags?post=11639"}],"curies":[{"name":"wp","href":"https:\/\/api.w.org\/{rel}","templated":true}]}}