{"id":11915,"date":"2024-04-02T17:32:42","date_gmt":"2024-04-02T17:32:42","guid":{"rendered":"https:\/\/www.zsmasaryk.cz\/?p=11915"},"modified":"2024-04-02T17:40:46","modified_gmt":"2024-04-02T17:40:46","slug":"den-otevrenych-dveri-s-exkurzi-do-historie","status":"publish","type":"post","link":"https:\/\/www.zsmasaryk.cz\/index.php\/2024\/04\/02\/den-otevrenych-dveri-s-exkurzi-do-historie\/","title":{"rendered":"DEN OTEV\u0158EN\u00ddCH DVE\u0158\u00cd S EXKURZ\u00cd DO HISTORIE"},"content":{"rendered":"\t\t<div data-elementor-type=\"wp-post\" data-elementor-id=\"11915\" class=\"elementor elementor-11915\">\n\t\t\t\t\t\t<section class=\"elementor-section elementor-top-section elementor-element elementor-element-29dcc26 elementor-section-boxed elementor-section-height-default elementor-section-height-default\" data-id=\"29dcc26\" data-element_type=\"section\" data-e-type=\"section\">\n\t\t\t\t\t\t<div class=\"elementor-container elementor-column-gap-default\">\n\t\t\t\t\t<div class=\"elementor-column elementor-col-100 elementor-top-column elementor-element elementor-element-36181d20\" data-id=\"36181d20\" data-element_type=\"column\" data-e-type=\"column\">\n\t\t\t<div class=\"elementor-widget-wrap elementor-element-populated\">\n\t\t\t\t\t\t<div class=\"elementor-element elementor-element-2c591627 elementor-widget elementor-widget-text-editor\" data-id=\"2c591627\" data-element_type=\"widget\" data-e-type=\"widget\" data-widget_type=\"text-editor.default\">\n\t\t\t\t\t\t\t\t\t<p><span style=\"color: #000000;\"><\/span><\/p>\n<p><span style=\"color: #000000;\">Dne 21. b\u0159ezna 2024 se na na\u0161\u00ed \u0161kole konal slavnostn\u00ed Den otev\u0159en\u00fdch dve\u0159\u00ed. Pro\u010d slavnostn\u00ed? Odpov\u011b\u010f je prost\u00e1 \u2013 na\u0161e \u0161kola slavila <strong>115 let<\/strong> od sv\u00e9ho zalo\u017een\u00ed. A to u\u017e je opravdu p\u00e1dn\u00fd d\u016fvod k\u00a0oslav\u011b.<\/span><\/p>\n<p><span style=\"color: #000000;\"><\/span><\/p>\n<p><span style=\"color: #000000;\">Na\u0161\u00ed snahou bylo v tento den nejen p\u0159ipravit zaj\u00edmav\u00e9 aktivity pro rodi\u010de a d\u011bti, ale tak\u00e9 sezn\u00e1mit v\u0161echny n\u00e1v\u0161t\u011bvn\u00edky s histori\u00ed \u0161koly a prezentovat tak dlouhou cestu, kterou \u0161kola pro\u0161la od sv\u00e9ho otev\u0159en\u00ed 19. z\u00e1\u0159\u00ed 1909 a\u017e do dne\u0161n\u00ed doby. O tom, \u017ee tato cesta byla zaj\u00edmav\u00e1 a pln\u00e1 zm\u011bn, se v\u0161ichni mohli p\u0159esv\u011bd\u010dit v jedn\u00e9 ze t\u0159\u00edd, kde byla p\u0159ipravena v\u00fdstava o historii \u0161koly. Byly zde vystaveny dobov\u00e9 fotografie, kter\u00e9 byly zap\u016fj\u010deny z Ostravsk\u00e9ho muzea, Beskydsk\u00e9ho muzea ve Fr\u00fddku \u2013 M\u00edstku, Kulturn\u00edho st\u0159ediska Vratimov, ale tak\u00e9 fotografie pam\u011btn\u00edk\u016f, jejich\u017e rodi\u010de chodili do \u0161koly nebo v n\u00ed byli zam\u011bstn\u00e1ni. Vystaveny byly kroniky, kter\u00e9 dokumentovaly r\u016fzn\u00e1 obdob\u00ed chodu \u0161koly \u2013 a\u0165 u\u017e se jednalo o kroniky z let 1896 a\u017e 1926, \u0161koln\u00ed kroniku m\u011b\u0161\u0165ansk\u00e9 \u0161koly z let 1918 a\u017e 1953, kroniky z let v obdob\u00ed 2. sv\u011btov\u00e9 v\u00e1lky a\u017e po kroniky od roku 1953 do sou\u010dasnosti. A v\u011b\u0159te mi, \u017ee bylo na co se d\u00edvat.<\/span><\/p>\n<p><span style=\"color: #000000;\"><\/span><\/p>\n<p><span style=\"color: #000000;\">Pro rodi\u010de a d\u011bti byla v\u00a0tento den p\u0159ipravena \u201eCesta za pozn\u00e1n\u00edm\u201c, kter\u00e1 byla pln\u00e1 aktivit a m\u011bla celkem 12 stanovi\u0161\u0165. O jak\u00e9 aktivity se jednalo? Pro v\u0161echny byl nap\u0159\u00edklad p\u0159ipraven v\u00fdtvarn\u00fd ateli\u00e9r, hudebn\u00ed nebo liter\u00e1rn\u00ed h\u00e1danky, v\u00a0t\u011blocvi\u010dn\u011b bylo mo\u017eno vyzkou\u0161et svou t\u011blesnou zdatnost pomoc\u00ed zdol\u00e1v\u00e1n\u00ed p\u0159ek\u00e1\u017ekov\u00e9 dr\u00e1hy. A nejen to. N\u00e1v\u0161t\u011bvn\u00edci mohli pracovat s\u00a0roboty, ov\u011b\u0159it si znalosti angli\u010dtiny v\u00a0jazykov\u00e9 u\u010debn\u011b, v u\u010debn\u011b zem\u011bpisu si zase zkusit, jak\u00e9 je to cestovat s\u00a0buzolou a s\u00a0mapou, a v\u00a0u\u010debn\u011b chemie a fyziky propadnou kouzlu \u201eohn\u011b na dlani\u201c nebo \u201educha v\u00a0ba\u0148ce\u201c. \u00a0D\u011bti, kter\u00e9 \u00fasp\u011b\u0161n\u011b splnily v\u0161echny \u00fakoly, \u010dekala na z\u00e1v\u011br odm\u011bna v\u00a0podob\u011b z\u00e1lo\u017eky do knihy, zv\u00ed\u0159\u00e1tka vytvo\u0159en\u00e9ho z\u00a0bal\u00f3nku a mal\u00e9 sladkosti. Pro v\u0161echny byl samoz\u0159ejm\u011b p\u0159ipraven pam\u00e1te\u010dn\u00ed list.<\/span><\/p>\n<p><span style=\"color: #000000;\"><\/span><\/p>\n<p><span style=\"color: #000000;\">R\u00e1da bych touto cestou pod\u011bkovala v\u0161em, kte\u0159\u00ed se pod\u00edleli na p\u0159\u00edprav\u011b tohoto dne. Jedn\u00e1 se o vedouc\u00ed Kulturn\u00edho st\u0159ediska Bc. T\u00e1\u0148u Slav\u00edkovou, kter\u00e1 \u0161kole poskytla nejen dobov\u00e9 fotografie, ale tak\u00e9 knihu o Vratimov\u011b, kter\u00e1 mi pomohla orientovat se v historii na\u0161\u00ed \u0161koly. Pod\u011bkov\u00e1n\u00ed rovn\u011b\u017e pat\u0159\u00ed \u0159editelce M\u011bstsk\u00e9 knihovny Vratimov Mgr. Lence \u0160imurdov\u00e9, kter\u00e1 \u0161kole zap\u016fj\u010dila tolik pot\u0159ebn\u00e9 stojany pro vystaven\u00ed fotografi\u00ed a kronik. A v neposledn\u00ed \u0159ad\u011b pat\u0159\u00ed velk\u00fd d\u00edk v\u0161em u\u010ditel\u016fm \u0161koly, kte\u0159\u00ed se na p\u0159\u00edprav\u011b Dne otev\u0159en\u00fdch dve\u0159\u00ed pod\u00edleli a p\u0159ipravili pro v\u0161echny p\u0159\u00edjemn\u00e9 a zaj\u00edmav\u00e9 odpoledne.<\/span><\/p>\n<p><span style=\"color: #000000;\"><\/span><\/p>\n<p style=\"text-align: right;\"><span style=\"color: #000000;\">Mgr. Martina Pelik\u00e1nov\u00e1, \u0159editelka \u0161koly<\/span><\/p>\n<p><span style=\"color: #000000;\"><\/span><\/p>\t\t\t\t\t\t\t\t<\/div>\n\t\t\t\t\t<\/div>\n\t\t<\/div>\n\t\t\t\t\t<\/div>\n\t\t<\/section>\n\t\t\t\t<\/div>\n\t\t","protected":false},"excerpt":{"rendered":"<p>Dne 21. b\u0159ezna 2024 se na na\u0161\u00ed \u0161kole konal slavnostn\u00ed Den otev\u0159en\u00fdch dve\u0159\u00ed. Pro\u010d slavnostn\u00ed? Odpov\u011b\u010f je prost\u00e1 \u2013 na\u0161e \u0161kola slavila 115 let od sv\u00e9ho zalo\u017een\u00ed. A to u\u017e je opravdu p\u00e1dn\u00fd d\u016fvod k\u00a0oslav\u011b. Na\u0161\u00ed snahou bylo v tento den nejen p\u0159ipravit zaj\u00edmav\u00e9 aktivity pro rodi\u010de a d\u011bti, ale tak\u00e9 sezn\u00e1mit v\u0161echny n\u00e1v\u0161t\u011bvn\u00edky s histori\u00ed \u0161koly a prezentovat tak dlouhou cestu, kterou \u0161kola pro\u0161la od sv\u00e9ho otev\u0159en\u00ed 19. z\u00e1\u0159\u00ed 1909 a\u017e do dne\u0161n\u00ed doby. O tom, \u017ee tato cesta byla zaj\u00edmav\u00e1 a pln\u00e1 zm\u011bn, se v\u0161ichni mohli p\u0159esv\u011bd\u010dit v jedn\u00e9 ze t\u0159\u00edd, kde byla p\u0159ipravena v\u00fdstava o historii \u0161koly. Byly zde vystaveny dobov\u00e9 fotografie, kter\u00e9 byly zap\u016fj\u010deny z Ostravsk\u00e9ho muzea, Beskydsk\u00e9ho muzea ve Fr\u00fddku \u2013 M\u00edstku, Kulturn\u00edho st\u0159ediska Vratimov, ale tak\u00e9 fotografie pam\u011btn\u00edk\u016f, jejich\u017e rodi\u010de chodili do \u0161koly nebo v n\u00ed byli zam\u011bstn\u00e1ni. Vystaveny byly kroniky, kter\u00e9 dokumentovaly r\u016fzn\u00e1 obdob\u00ed chodu \u0161koly \u2013 a\u0165 u\u017e se jednalo o kroniky z let 1896 a\u017e 1926, \u0161koln\u00ed kroniku m\u011b\u0161\u0165ansk\u00e9 \u0161koly z let 1918 a\u017e 1953, kroniky z let v obdob\u00ed 2. sv\u011btov\u00e9 v\u00e1lky a\u017e po kroniky od roku 1953 do sou\u010dasnosti. A v\u011b\u0159te mi, \u017ee bylo na co se d\u00edvat. Pro rodi\u010de a d\u011bti byla v\u00a0tento den p\u0159ipravena \u201eCesta za pozn\u00e1n\u00edm\u201c, kter\u00e1 byla pln\u00e1 aktivit a m\u011bla celkem 12 stanovi\u0161\u0165. O jak\u00e9 aktivity se jednalo? Pro v\u0161echny byl nap\u0159\u00edklad p\u0159ipraven v\u00fdtvarn\u00fd ateli\u00e9r, hudebn\u00ed nebo liter\u00e1rn\u00ed h\u00e1danky, v\u00a0t\u011blocvi\u010dn\u011b bylo mo\u017eno vyzkou\u0161et svou t\u011blesnou zdatnost pomoc\u00ed zdol\u00e1v\u00e1n\u00ed p\u0159ek\u00e1\u017ekov\u00e9 dr\u00e1hy. A nejen to. N\u00e1v\u0161t\u011bvn\u00edci mohli pracovat s\u00a0roboty, ov\u011b\u0159it si znalosti angli\u010dtiny v\u00a0jazykov\u00e9 u\u010debn\u011b, v u\u010debn\u011b zem\u011bpisu si zase zkusit, jak\u00e9 je to cestovat s\u00a0buzolou a s\u00a0mapou, a v\u00a0u\u010debn\u011b chemie a fyziky propadnou kouzlu \u201eohn\u011b na dlani\u201c nebo \u201educha v\u00a0ba\u0148ce\u201c. \u00a0D\u011bti, kter\u00e9 \u00fasp\u011b\u0161n\u011b splnily v\u0161echny \u00fakoly, \u010dekala na z\u00e1v\u011br odm\u011bna v\u00a0podob\u011b z\u00e1lo\u017eky do knihy, zv\u00ed\u0159\u00e1tka vytvo\u0159en\u00e9ho z\u00a0bal\u00f3nku a mal\u00e9 sladkosti. Pro v\u0161echny byl samoz\u0159ejm\u011b p\u0159ipraven pam\u00e1te\u010dn\u00ed list. R\u00e1da bych touto cestou pod\u011bkovala v\u0161em, kte\u0159\u00ed se pod\u00edleli na p\u0159\u00edprav\u011b tohoto dne. Jedn\u00e1 se o vedouc\u00ed Kulturn\u00edho st\u0159ediska Bc. T\u00e1\u0148u Slav\u00edkovou, kter\u00e1 \u0161kole poskytla nejen dobov\u00e9 fotografie, ale tak\u00e9 knihu o Vratimov\u011b, kter\u00e1 mi pomohla orientovat se v historii na\u0161\u00ed \u0161koly. Pod\u011bkov\u00e1n\u00ed rovn\u011b\u017e pat\u0159\u00ed \u0159editelce M\u011bstsk\u00e9 knihovny Vratimov Mgr. Lence \u0160imurdov\u00e9, kter\u00e1 \u0161kole zap\u016fj\u010dila tolik pot\u0159ebn\u00e9 stojany pro vystaven\u00ed fotografi\u00ed a kronik. A v neposledn\u00ed \u0159ad\u011b pat\u0159\u00ed velk\u00fd d\u00edk v\u0161em u\u010ditel\u016fm \u0161koly, kte\u0159\u00ed se na p\u0159\u00edprav\u011b Dne otev\u0159en\u00fdch dve\u0159\u00ed pod\u00edleli a p\u0159ipravili pro v\u0161echny p\u0159\u00edjemn\u00e9 a zaj\u00edmav\u00e9 odpoledne. Mgr. Martina Pelik\u00e1nov\u00e1, \u0159editelka \u0161koly<\/p>\n","protected":false},"author":2,"featured_media":0,"comment_status":"open","ping_status":"open","sticky":false,"template":"","format":"standard","meta":{"footnotes":""},"categories":[17,16],"tags":[],"class_list":["post-11915","post","type-post","status-publish","format-standard","hentry","category-akce","category-aktuality"],"rttpg_featured_image_url":null,"rttpg_author":{"display_name":"admin","author_link":"https:\/\/www.zsmasaryk.cz\/index.php\/author\/admin\/"},"rttpg_comment":0,"rttpg_category":"<a href=\"https:\/\/www.zsmasaryk.cz\/index.php\/category\/akce\/\" rel=\"category tag\">Akce \u0161koly<\/a> <a href=\"https:\/\/www.zsmasaryk.cz\/index.php\/category\/aktuality\/\" rel=\"category tag\">Aktuality<\/a>","rttpg_excerpt":"Dne 21. b\u0159ezna 2024 se na na\u0161\u00ed \u0161kole konal slavnostn\u00ed Den otev\u0159en\u00fdch dve\u0159\u00ed. Pro\u010d slavnostn\u00ed? Odpov\u011b\u010f je prost\u00e1 \u2013 na\u0161e \u0161kola slavila 115 let od sv\u00e9ho zalo\u017een\u00ed. A to u\u017e je opravdu p\u00e1dn\u00fd d\u016fvod k\u00a0oslav\u011b. Na\u0161\u00ed snahou bylo v tento den nejen p\u0159ipravit zaj\u00edmav\u00e9 aktivity pro rodi\u010de a d\u011bti, ale tak\u00e9 sezn\u00e1mit v\u0161echny n\u00e1v\u0161t\u011bvn\u00edky s&hellip;","_links":{"self":[{"href":"https:\/\/www.zsmasaryk.cz\/index.php\/wp-json\/wp\/v2\/posts\/11915","targetHints":{"allow":["GET"]}}],"collection":[{"href":"https:\/\/www.zsmasaryk.cz\/index.php\/wp-json\/wp\/v2\/posts"}],"about":[{"href":"https:\/\/www.zsmasaryk.cz\/index.php\/wp-json\/wp\/v2\/types\/post"}],"author":[{"embeddable":true,"href":"https:\/\/www.zsmasaryk.cz\/index.php\/wp-json\/wp\/v2\/users\/2"}],"replies":[{"embeddable":true,"href":"https:\/\/www.zsmasaryk.cz\/index.php\/wp-json\/wp\/v2\/comments?post=11915"}],"version-history":[{"count":0,"href":"https:\/\/www.zsmasaryk.cz\/index.php\/wp-json\/wp\/v2\/posts\/11915\/revisions"}],"wp:attachment":[{"href":"https:\/\/www.zsmasaryk.cz\/index.php\/wp-json\/wp\/v2\/media?parent=11915"}],"wp:term":[{"taxonomy":"category","embeddable":true,"href":"https:\/\/www.zsmasaryk.cz\/index.php\/wp-json\/wp\/v2\/categories?post=11915"},{"taxonomy":"post_tag","embeddable":true,"href":"https:\/\/www.zsmasaryk.cz\/index.php\/wp-json\/wp\/v2\/tags?post=11915"}],"curies":[{"name":"wp","href":"https:\/\/api.w.org\/{rel}","templated":true}]}}