{"id":12014,"date":"2024-05-08T18:02:36","date_gmt":"2024-05-08T18:02:36","guid":{"rendered":"https:\/\/www.zsmasaryk.cz\/?p=12014"},"modified":"2024-05-08T18:10:36","modified_gmt":"2024-05-08T18:10:36","slug":"skolni-vylet-tretaku-a-ctvrtaku-stramberk","status":"publish","type":"post","link":"https:\/\/www.zsmasaryk.cz\/index.php\/2024\/05\/08\/skolni-vylet-tretaku-a-ctvrtaku-stramberk\/","title":{"rendered":"\u0160KOLN\u00cd V\u00ddLET T\u0158E\u0164\u00c1K\u016e A \u010cTVR\u0164\u00c1K\u016e &#8211; \u0160TRAMBERK"},"content":{"rendered":"\t\t<div data-elementor-type=\"wp-post\" data-elementor-id=\"12014\" class=\"elementor elementor-12014\">\n\t\t\t\t\t\t<section class=\"elementor-section elementor-top-section elementor-element elementor-element-6e2d01c0 elementor-section-boxed elementor-section-height-default elementor-section-height-default\" data-id=\"6e2d01c0\" data-element_type=\"section\" data-e-type=\"section\">\n\t\t\t\t\t\t<div class=\"elementor-container elementor-column-gap-default\">\n\t\t\t\t\t<div class=\"elementor-column elementor-col-100 elementor-top-column elementor-element elementor-element-5793b5dd\" data-id=\"5793b5dd\" data-element_type=\"column\" data-e-type=\"column\">\n\t\t\t<div class=\"elementor-widget-wrap elementor-element-populated\">\n\t\t\t\t\t\t<div class=\"elementor-element elementor-element-1ded556a elementor-widget elementor-widget-text-editor\" data-id=\"1ded556a\" data-element_type=\"widget\" data-e-type=\"widget\" data-widget_type=\"text-editor.default\">\n\t\t\t\t\t\t\t\t\t<p><span style=\"color: #000000;\"><\/span><\/p>\n<p><span style=\"color: #000000;\">Kone\u010dn\u011b je tu skoro z\u00e1v\u011br \u0161koln\u00edho roku a s n\u00edm i vytou\u017een\u00fd v\u00fdlet!<\/span><\/p>\n<p><span style=\"color: #000000;\"><\/span><\/p>\n<p><span style=\"color: #000000;\">Tentokr\u00e1t jsme se dne 7. kv\u011btna vydali s 3. A, 3. B a 4. t\u0159\u00eddou na \u0160tramberk. Na d\u011bti \u010dekalo mnoho netradi\u010dn\u00edch z\u00e1\u017eitk\u016f. Na za\u010d\u00e1tku n\u00e1s v jeskyni \u0160ipka p\u0159iv\u00edtal neandrt\u00e1lec Bert\u00edk. Dozv\u011bd\u011bli jsme se, \u017ee na tomto m\u00edst\u011b kdysi d\u00e1vno archeologov\u00e9 vykopali \u010delist mal\u00e9ho prav\u011bk\u00e9ho chlapce a kostru skaln\u00edho medv\u011bda. Proto se sk\u00e1la jmenuje Medv\u011bd\u00ed sk\u00e1la. D\u00e1le na\u0161e kroky sm\u011b\u0159ovaly do m\u00edstn\u00ed pek\u00e1rny U Ka\u010di, kde n\u00e1m p\u0159i pe\u010den\u00ed \u0161trambersk\u00fdch u\u0161\u00ed hlavn\u00ed peka\u0159 se zaujet\u00edm prozradil spoustu zaj\u00edmavost\u00ed o t\u00e9to tradi\u010dn\u00ed pochoutce. Nap\u0159\u00edklad jak Tata\u0159i usek\u00e1vali \u0160tramber\u00e1k\u016fm u\u0161i p\u0159i n\u00e1jezdech \u0160tramberku a p\u0159ev\u00e1\u017eeli je prosolen\u00e9 v pytl\u00edch jako cenn\u00fd skalp na d\u016fkaz toho, kolik \u0161trambersk\u00fdch lid\u00ed porazili! Na vlastn\u00ed o\u010di jsme vid\u011bli, jak cel\u00e1 v\u00fdroba prob\u00edh\u00e1 a jako spr\u00e1vn\u00ed peka\u0159i jsme si jedno ucho sami upekli a sn\u011bdli. Pak jsme nav\u0161t\u00edvili Minizoo, kde n\u00e1m nad\u0161en\u00fd chovatel a cestovatel Marek Je\u0159\u00e1bek poutav\u00fdm a vtipn\u00fdm v\u00fdkladem p\u0159edstavil rozmanit\u00e9 druhy tropick\u00fdch ryb, exotick\u00fdch had\u016f, je\u0161t\u011br\u016f, pavouk\u016f a jedovat\u00fdch \u017eab. Mohli jsme si prohl\u00e9dnout tak\u00e9 Karla, dravou ob\u0159\u00ed \u017eelvu kajmanku i roztomil\u00e9 opi\u010dky. A kdo se neb\u00e1l, mohl zap\u00f3zovat s hadem za krkem! Pro nejsiln\u011bj\u0161\u00ed povahy bylo na z\u00e1v\u011br p\u0159ipraveno krmen\u00ed \u017eelv\u00e1ka Karla mal\u00fdmi my\u0161kami. Uk\u00e1pla nejedna slza! Posiln\u011bni sva\u010dinou jsme se vydali zdolat 166 schod\u016f, kter\u00e9 n\u00e1s dovedly na v\u011b\u017e \u0160trambersk\u00e9 Tr\u00faby. Na z\u00e1v\u011br d\u011bti dostaly tou\u017eebn\u011b o\u010dek\u00e1van\u00fd rozchod, p\u0159i kter\u00e9m, podobn\u011b jako n\u00e1jezdn\u00edci Tata\u0159i, zdol\u00e1vali v\u0161echny obch\u016fdky s dobrotami a d\u016fkladn\u011b prov\u011btrali sv\u00e9 pen\u011b\u017eenky! Ty z\u016fstaly sice pr\u00e1zdn\u00e9, ale my jsme naopak odj\u00ed\u017ed\u011bli nabit\u00ed pozitivn\u00ed n\u00e1ladou a z\u00e1\u017eitky, na kter\u00e9 se nezapom\u00edn\u00e1!<\/span><\/p>\n<p style=\"text-align: center;\"><strong><a href=\"https:\/\/www.rajce.idnes.cz\/bawaja\/album\/vylet-na-stramberk-2024-3-a-4-tr\" target=\"_blank\" rel=\"noopener\">FOTOGALERIE<\/a><\/strong><\/p>\n<p><span style=\"color: #000000;\"><\/span><\/p>\n<p style=\"text-align: right;\"><span style=\"color: #000000;\">Za v\u0161echny t\u0159e\u0165\u00e1ky a \u010dtvr\u0165\u00e1ky\u00a0<\/span><span style=\"color: #000000;\">Mgr. Ivana Bernat\u00edkov\u00e1<\/span><\/p>\n<p><span style=\"color: #000000;\"><\/span><span style=\"color: #000000;\"><\/span><\/p>\t\t\t\t\t\t\t\t<\/div>\n\t\t\t\t\t<\/div>\n\t\t<\/div>\n\t\t\t\t\t<\/div>\n\t\t<\/section>\n\t\t\t\t<\/div>\n\t\t","protected":false},"excerpt":{"rendered":"<p>Kone\u010dn\u011b je tu skoro z\u00e1v\u011br \u0161koln\u00edho roku a s n\u00edm i vytou\u017een\u00fd v\u00fdlet! Tentokr\u00e1t jsme se dne 7. kv\u011btna vydali s 3. A, 3. B a 4. t\u0159\u00eddou na \u0160tramberk. Na d\u011bti \u010dekalo mnoho netradi\u010dn\u00edch z\u00e1\u017eitk\u016f. Na za\u010d\u00e1tku n\u00e1s v jeskyni \u0160ipka p\u0159iv\u00edtal neandrt\u00e1lec Bert\u00edk. Dozv\u011bd\u011bli jsme se, \u017ee na tomto m\u00edst\u011b kdysi d\u00e1vno archeologov\u00e9 vykopali \u010delist mal\u00e9ho prav\u011bk\u00e9ho chlapce a kostru skaln\u00edho medv\u011bda. Proto se sk\u00e1la jmenuje Medv\u011bd\u00ed sk\u00e1la. D\u00e1le na\u0161e kroky sm\u011b\u0159ovaly do m\u00edstn\u00ed pek\u00e1rny U Ka\u010di, kde n\u00e1m p\u0159i pe\u010den\u00ed \u0161trambersk\u00fdch u\u0161\u00ed hlavn\u00ed peka\u0159 se zaujet\u00edm prozradil spoustu zaj\u00edmavost\u00ed o t\u00e9to tradi\u010dn\u00ed pochoutce. Nap\u0159\u00edklad jak Tata\u0159i usek\u00e1vali \u0160tramber\u00e1k\u016fm u\u0161i p\u0159i n\u00e1jezdech \u0160tramberku a p\u0159ev\u00e1\u017eeli je prosolen\u00e9 v pytl\u00edch jako cenn\u00fd skalp na d\u016fkaz toho, kolik \u0161trambersk\u00fdch lid\u00ed porazili! Na vlastn\u00ed o\u010di jsme vid\u011bli, jak cel\u00e1 v\u00fdroba prob\u00edh\u00e1 a jako spr\u00e1vn\u00ed peka\u0159i jsme si jedno ucho sami upekli a sn\u011bdli. Pak jsme nav\u0161t\u00edvili Minizoo, kde n\u00e1m nad\u0161en\u00fd chovatel a cestovatel Marek Je\u0159\u00e1bek poutav\u00fdm a vtipn\u00fdm v\u00fdkladem p\u0159edstavil rozmanit\u00e9 druhy tropick\u00fdch ryb, exotick\u00fdch had\u016f, je\u0161t\u011br\u016f, pavouk\u016f a jedovat\u00fdch \u017eab. Mohli jsme si prohl\u00e9dnout tak\u00e9 Karla, dravou ob\u0159\u00ed \u017eelvu kajmanku i roztomil\u00e9 opi\u010dky. A kdo se neb\u00e1l, mohl zap\u00f3zovat s hadem za krkem! Pro nejsiln\u011bj\u0161\u00ed povahy bylo na z\u00e1v\u011br p\u0159ipraveno krmen\u00ed \u017eelv\u00e1ka Karla mal\u00fdmi my\u0161kami. Uk\u00e1pla nejedna slza! Posiln\u011bni sva\u010dinou jsme se vydali zdolat 166 schod\u016f, kter\u00e9 n\u00e1s dovedly na v\u011b\u017e \u0160trambersk\u00e9 Tr\u00faby. Na z\u00e1v\u011br d\u011bti dostaly tou\u017eebn\u011b o\u010dek\u00e1van\u00fd rozchod, p\u0159i kter\u00e9m, podobn\u011b jako n\u00e1jezdn\u00edci Tata\u0159i, zdol\u00e1vali v\u0161echny obch\u016fdky s dobrotami a d\u016fkladn\u011b prov\u011btrali sv\u00e9 pen\u011b\u017eenky! Ty z\u016fstaly sice pr\u00e1zdn\u00e9, ale my jsme naopak odj\u00ed\u017ed\u011bli nabit\u00ed pozitivn\u00ed n\u00e1ladou a z\u00e1\u017eitky, na kter\u00e9 se nezapom\u00edn\u00e1! FOTOGALERIE Za v\u0161echny t\u0159e\u0165\u00e1ky a \u010dtvr\u0165\u00e1ky\u00a0Mgr. Ivana Bernat\u00edkov\u00e1<\/p>\n","protected":false},"author":2,"featured_media":0,"comment_status":"open","ping_status":"open","sticky":false,"template":"","format":"standard","meta":{"footnotes":""},"categories":[17,16],"tags":[],"class_list":["post-12014","post","type-post","status-publish","format-standard","hentry","category-akce","category-aktuality"],"rttpg_featured_image_url":null,"rttpg_author":{"display_name":"admin","author_link":"https:\/\/www.zsmasaryk.cz\/index.php\/author\/admin\/"},"rttpg_comment":0,"rttpg_category":"<a href=\"https:\/\/www.zsmasaryk.cz\/index.php\/category\/akce\/\" rel=\"category tag\">Akce \u0161koly<\/a> <a href=\"https:\/\/www.zsmasaryk.cz\/index.php\/category\/aktuality\/\" rel=\"category tag\">Aktuality<\/a>","rttpg_excerpt":"Kone\u010dn\u011b je tu skoro z\u00e1v\u011br \u0161koln\u00edho roku a s n\u00edm i vytou\u017een\u00fd v\u00fdlet! Tentokr\u00e1t jsme se dne 7. kv\u011btna vydali s 3. A, 3. B a 4. t\u0159\u00eddou na \u0160tramberk. Na d\u011bti \u010dekalo mnoho netradi\u010dn\u00edch z\u00e1\u017eitk\u016f. Na za\u010d\u00e1tku n\u00e1s v jeskyni \u0160ipka p\u0159iv\u00edtal neandrt\u00e1lec Bert\u00edk. Dozv\u011bd\u011bli jsme se, \u017ee na tomto m\u00edst\u011b kdysi d\u00e1vno archeologov\u00e9&hellip;","_links":{"self":[{"href":"https:\/\/www.zsmasaryk.cz\/index.php\/wp-json\/wp\/v2\/posts\/12014","targetHints":{"allow":["GET"]}}],"collection":[{"href":"https:\/\/www.zsmasaryk.cz\/index.php\/wp-json\/wp\/v2\/posts"}],"about":[{"href":"https:\/\/www.zsmasaryk.cz\/index.php\/wp-json\/wp\/v2\/types\/post"}],"author":[{"embeddable":true,"href":"https:\/\/www.zsmasaryk.cz\/index.php\/wp-json\/wp\/v2\/users\/2"}],"replies":[{"embeddable":true,"href":"https:\/\/www.zsmasaryk.cz\/index.php\/wp-json\/wp\/v2\/comments?post=12014"}],"version-history":[{"count":0,"href":"https:\/\/www.zsmasaryk.cz\/index.php\/wp-json\/wp\/v2\/posts\/12014\/revisions"}],"wp:attachment":[{"href":"https:\/\/www.zsmasaryk.cz\/index.php\/wp-json\/wp\/v2\/media?parent=12014"}],"wp:term":[{"taxonomy":"category","embeddable":true,"href":"https:\/\/www.zsmasaryk.cz\/index.php\/wp-json\/wp\/v2\/categories?post=12014"},{"taxonomy":"post_tag","embeddable":true,"href":"https:\/\/www.zsmasaryk.cz\/index.php\/wp-json\/wp\/v2\/tags?post=12014"}],"curies":[{"name":"wp","href":"https:\/\/api.w.org\/{rel}","templated":true}]}}