{"id":12072,"date":"2024-05-15T07:59:23","date_gmt":"2024-05-15T07:59:23","guid":{"rendered":"https:\/\/www.zsmasaryk.cz\/?p=12072"},"modified":"2024-05-16T05:59:26","modified_gmt":"2024-05-16T05:59:26","slug":"recitacni-soutez-2-stupne","status":"publish","type":"post","link":"https:\/\/www.zsmasaryk.cz\/index.php\/2024\/05\/15\/recitacni-soutez-2-stupne\/","title":{"rendered":"RECITA\u010cN\u00cd SOUT\u011a\u017d 2. STUPN\u011a"},"content":{"rendered":"\t\t<div data-elementor-type=\"wp-post\" data-elementor-id=\"12072\" class=\"elementor elementor-12072\">\n\t\t\t\t\t\t<section class=\"elementor-section elementor-top-section elementor-element elementor-element-4bd609db elementor-section-boxed elementor-section-height-default elementor-section-height-default\" data-id=\"4bd609db\" data-element_type=\"section\" data-e-type=\"section\">\n\t\t\t\t\t\t<div class=\"elementor-container elementor-column-gap-default\">\n\t\t\t\t\t<div class=\"elementor-column elementor-col-100 elementor-top-column elementor-element elementor-element-196d3bf\" data-id=\"196d3bf\" data-element_type=\"column\" data-e-type=\"column\">\n\t\t\t<div class=\"elementor-widget-wrap elementor-element-populated\">\n\t\t\t\t\t\t<div class=\"elementor-element elementor-element-110700e7 elementor-widget elementor-widget-text-editor\" data-id=\"110700e7\" data-element_type=\"widget\" data-e-type=\"widget\" data-widget_type=\"text-editor.default\">\n\t\t\t\t\t\t\t\t\t<p><span style=\"color: #000000;\"><\/span><\/p>\n<p><span style=\"color: #000000;\"><\/span><\/p>\n<p>\u00a0<\/p>\n<p><a href=\"http:\/\/www.zsmasaryk.cz\/wp-content\/uploads\/2024\/05\/IMG_7076-1.jpg\"><img fetchpriority=\"high\" decoding=\"async\" class=\"aligncenter wp-image-12136 \" src=\"http:\/\/www.zsmasaryk.cz\/wp-content\/uploads\/2024\/05\/IMG_7076-1.jpg\" alt=\"\" width=\"334\" height=\"226\" srcset=\"https:\/\/www.zsmasaryk.cz\/wp-content\/uploads\/2024\/05\/IMG_7076-1.jpg 1540w, https:\/\/www.zsmasaryk.cz\/wp-content\/uploads\/2024\/05\/IMG_7076-1-768x520.jpg 768w, https:\/\/www.zsmasaryk.cz\/wp-content\/uploads\/2024\/05\/IMG_7076-1-100x67.jpg 100w, https:\/\/www.zsmasaryk.cz\/wp-content\/uploads\/2024\/05\/IMG_7076-1-230x155.jpg 230w\" sizes=\"(max-width: 334px) 100vw, 334px\" \/><\/a><\/p>\n<p><span style=\"color: #000000;\">V pond\u011bl\u00ed 6. kv\u011btna 2024 se odpoledne konala ji\u017e tradi\u010dn\u00ed p\u0159ehl\u00eddka mlad\u00fdch recit\u00e1tor\u016f 2. stupn\u011b na\u0161\u00ed \u0161koly, na kter\u00e9 se se\u0161li nejlep\u0161\u00ed recit\u00e1to\u0159i, p\u0159esn\u011bji \u0159e\u010deno recit\u00e1torky z 6. \u2013 9. t\u0159\u00edd. Tak\u00e9 v komisi usedly jen pan\u00ed u\u010ditelky, tak\u017ee leto\u0161n\u00ed \u0161koln\u00ed kolo recita\u010dn\u00ed sout\u011b\u017ee \u017e\u00e1k\u016f 2. stupn\u011b bylo \u010dist\u011b d\u00edv\u010d\u00ed z\u00e1le\u017eitost\u00ed.<\/span><\/p>\n<p><span style=\"color: #000000;\"><\/span><\/p>\n<p><span style=\"color: #000000;\">D\u00edvky nej\u010dast\u011bji recitovaly ver\u0161e Karla Jarom\u00edra Erbena, Jaroslava Seiferta a Ji\u0159\u00edho Such\u00e9ho a jejich v\u00fdkony m\u011bly velmi dobrou \u00farove\u0148.\u00a0<\/span><span style=\"color: #000000; letter-spacing: 0px; text-align: inherit;\">P\u0159\u00edtomn\u00e9 pan\u00ed u\u010ditelky nakonec rozhodly o tomto po\u0159ad\u00ed na stupn\u00edch v\u00edt\u011bz\u016f.<\/span><\/p>\n<p><span style=\"color: #000000;\"><\/span><\/p>\n<p><span style=\"color: #000000;\">V kategorii 6. \u2013 7. t\u0159\u00edd:<\/span><\/p>\n<ol>\n<li><span style=\"color: #000000;\">Jana Ku\u010derov\u00e1 ze 7. t\u0159\u00eddy<\/span><\/li>\n<li><span style=\"color: #000000;\">Martina Brad\u00e1\u010dov\u00e1 z 6. B<\/span><\/li>\n<li><span style=\"color: #000000;\">Kl\u00e1ra Z\u00e1rubov\u00e1 ze 6. A.<\/span><\/li>\n<\/ol>\n<p><span style=\"color: #000000;\"><\/span><\/p>\n<p><span style=\"color: #000000;\">V kategorii 8. \u2013 9. t\u0159\u00edd:<\/span><\/p>\n<p><span style=\"color: #000000;\"><\/span><\/p>\n<ol>\n<li><span style=\"color: #000000;\">Sofie Nu\u0148ez z 9. A<\/span><\/li>\n<li><span style=\"color: #000000;\">Valent\u00fdna Chovancov\u00e1 z 8. B<\/span><\/li>\n<li><span style=\"color: #000000;\">Ad\u00e9la Dra\u017einov\u00e1 z 8. B.<\/span><\/li>\n<\/ol>\n<p><span style=\"color: #000000;\"><\/span><\/p>\n<p><span style=\"color: #000000;\">V\u0161em z\u00fa\u010dastn\u011bn\u00fdm d\u011bkujeme za p\u0159\u00edjemn\u00e9 odpoledne, ve kter\u00e9m jsme zhl\u00e9dli jejich mil\u00e1 vystoupen\u00ed a p\u0159ejeme jim mnoho dal\u0161\u00edch recit\u00e1torsk\u00fdch \u00fasp\u011bch\u016f.<\/span><\/p>\n<p style=\"text-align: center;\"><a href=\"https:\/\/www.rajce.idnes.cz\/bawaja\/album\/recitacni-soutez-2-stupen\" target=\"_blank\" rel=\"noopener\"><strong>FOTOGALERIE<\/strong><\/a><\/p>\n<p><span style=\"color: #000000;\"><\/span><\/p>\n<p style=\"text-align: right;\"><span style=\"color: #000000;\">porota \u0161koln\u00edho kola recita\u010dn\u00ed sout\u011b\u017ee<\/span><\/p>\n<p><span style=\"color: #000000;\"><\/span><\/p>\t\t\t\t\t\t\t\t<\/div>\n\t\t\t\t\t<\/div>\n\t\t<\/div>\n\t\t\t\t\t<\/div>\n\t\t<\/section>\n\t\t\t\t<\/div>\n\t\t","protected":false},"excerpt":{"rendered":"<p>\u00a0 V pond\u011bl\u00ed 6. kv\u011btna 2024 se odpoledne konala ji\u017e tradi\u010dn\u00ed p\u0159ehl\u00eddka mlad\u00fdch recit\u00e1tor\u016f 2. stupn\u011b na\u0161\u00ed \u0161koly, na kter\u00e9 se se\u0161li nejlep\u0161\u00ed recit\u00e1to\u0159i, p\u0159esn\u011bji \u0159e\u010deno recit\u00e1torky z 6. \u2013 9. t\u0159\u00edd. Tak\u00e9 v komisi usedly jen pan\u00ed u\u010ditelky, tak\u017ee leto\u0161n\u00ed \u0161koln\u00ed kolo recita\u010dn\u00ed sout\u011b\u017ee \u017e\u00e1k\u016f 2. stupn\u011b bylo \u010dist\u011b d\u00edv\u010d\u00ed z\u00e1le\u017eitost\u00ed. D\u00edvky nej\u010dast\u011bji recitovaly ver\u0161e Karla Jarom\u00edra Erbena, Jaroslava Seiferta a Ji\u0159\u00edho Such\u00e9ho a jejich v\u00fdkony m\u011bly velmi dobrou \u00farove\u0148.\u00a0P\u0159\u00edtomn\u00e9 pan\u00ed u\u010ditelky nakonec rozhodly o tomto po\u0159ad\u00ed na stupn\u00edch v\u00edt\u011bz\u016f. V kategorii 6. \u2013 7. t\u0159\u00edd: Jana Ku\u010derov\u00e1 ze 7. t\u0159\u00eddy Martina Brad\u00e1\u010dov\u00e1 z 6. B Kl\u00e1ra Z\u00e1rubov\u00e1 ze 6. A. V kategorii 8. \u2013 9. t\u0159\u00edd: Sofie Nu\u0148ez z 9. A Valent\u00fdna Chovancov\u00e1 z 8. B Ad\u00e9la Dra\u017einov\u00e1 z 8. B. V\u0161em z\u00fa\u010dastn\u011bn\u00fdm d\u011bkujeme za p\u0159\u00edjemn\u00e9 odpoledne, ve kter\u00e9m jsme zhl\u00e9dli jejich mil\u00e1 vystoupen\u00ed a p\u0159ejeme jim mnoho dal\u0161\u00edch recit\u00e1torsk\u00fdch \u00fasp\u011bch\u016f. FOTOGALERIE porota \u0161koln\u00edho kola recita\u010dn\u00ed sout\u011b\u017ee<\/p>\n","protected":false},"author":2,"featured_media":0,"comment_status":"open","ping_status":"open","sticky":false,"template":"","format":"standard","meta":{"footnotes":""},"categories":[17,16],"tags":[],"class_list":["post-12072","post","type-post","status-publish","format-standard","hentry","category-akce","category-aktuality"],"rttpg_featured_image_url":null,"rttpg_author":{"display_name":"admin","author_link":"https:\/\/www.zsmasaryk.cz\/index.php\/author\/admin\/"},"rttpg_comment":0,"rttpg_category":"<a href=\"https:\/\/www.zsmasaryk.cz\/index.php\/category\/akce\/\" rel=\"category tag\">Akce \u0161koly<\/a> <a href=\"https:\/\/www.zsmasaryk.cz\/index.php\/category\/aktuality\/\" rel=\"category tag\">Aktuality<\/a>","rttpg_excerpt":"\u00a0 V pond\u011bl\u00ed 6. kv\u011btna 2024 se odpoledne konala ji\u017e tradi\u010dn\u00ed p\u0159ehl\u00eddka mlad\u00fdch recit\u00e1tor\u016f 2. stupn\u011b na\u0161\u00ed \u0161koly, na kter\u00e9 se se\u0161li nejlep\u0161\u00ed recit\u00e1to\u0159i, p\u0159esn\u011bji \u0159e\u010deno recit\u00e1torky z 6. \u2013 9. t\u0159\u00edd. Tak\u00e9 v komisi usedly jen pan\u00ed u\u010ditelky, tak\u017ee leto\u0161n\u00ed \u0161koln\u00ed kolo recita\u010dn\u00ed sout\u011b\u017ee \u017e\u00e1k\u016f 2. stupn\u011b bylo \u010dist\u011b d\u00edv\u010d\u00ed z\u00e1le\u017eitost\u00ed. D\u00edvky nej\u010dast\u011bji recitovaly&hellip;","_links":{"self":[{"href":"https:\/\/www.zsmasaryk.cz\/index.php\/wp-json\/wp\/v2\/posts\/12072","targetHints":{"allow":["GET"]}}],"collection":[{"href":"https:\/\/www.zsmasaryk.cz\/index.php\/wp-json\/wp\/v2\/posts"}],"about":[{"href":"https:\/\/www.zsmasaryk.cz\/index.php\/wp-json\/wp\/v2\/types\/post"}],"author":[{"embeddable":true,"href":"https:\/\/www.zsmasaryk.cz\/index.php\/wp-json\/wp\/v2\/users\/2"}],"replies":[{"embeddable":true,"href":"https:\/\/www.zsmasaryk.cz\/index.php\/wp-json\/wp\/v2\/comments?post=12072"}],"version-history":[{"count":0,"href":"https:\/\/www.zsmasaryk.cz\/index.php\/wp-json\/wp\/v2\/posts\/12072\/revisions"}],"wp:attachment":[{"href":"https:\/\/www.zsmasaryk.cz\/index.php\/wp-json\/wp\/v2\/media?parent=12072"}],"wp:term":[{"taxonomy":"category","embeddable":true,"href":"https:\/\/www.zsmasaryk.cz\/index.php\/wp-json\/wp\/v2\/categories?post=12072"},{"taxonomy":"post_tag","embeddable":true,"href":"https:\/\/www.zsmasaryk.cz\/index.php\/wp-json\/wp\/v2\/tags?post=12072"}],"curies":[{"name":"wp","href":"https:\/\/api.w.org\/{rel}","templated":true}]}}