{"id":13028,"date":"2024-12-06T19:19:03","date_gmt":"2024-12-06T19:19:03","guid":{"rendered":"https:\/\/www.zsmasaryk.cz\/?p=13028"},"modified":"2024-12-12T07:45:38","modified_gmt":"2024-12-12T07:45:38","slug":"sametova-revoluce","status":"publish","type":"post","link":"https:\/\/www.zsmasaryk.cz\/index.php\/2024\/12\/06\/sametova-revoluce\/","title":{"rendered":"SAMETOV\u00c1 REVOLUCE"},"content":{"rendered":"\t\t<div data-elementor-type=\"wp-post\" data-elementor-id=\"13028\" class=\"elementor elementor-13028\">\n\t\t\t\t\t\t<section class=\"elementor-section elementor-top-section elementor-element elementor-element-3d466201 elementor-section-boxed elementor-section-height-default elementor-section-height-default\" data-id=\"3d466201\" data-element_type=\"section\" data-e-type=\"section\">\n\t\t\t\t\t\t<div class=\"elementor-container elementor-column-gap-default\">\n\t\t\t\t\t<div class=\"elementor-column elementor-col-100 elementor-top-column elementor-element elementor-element-7f3b3e59\" data-id=\"7f3b3e59\" data-element_type=\"column\" data-e-type=\"column\">\n\t\t\t<div class=\"elementor-widget-wrap elementor-element-populated\">\n\t\t\t\t\t\t<div class=\"elementor-element elementor-element-25261a7a elementor-widget elementor-widget-text-editor\" data-id=\"25261a7a\" data-element_type=\"widget\" data-e-type=\"widget\" data-widget_type=\"text-editor.default\">\n\t\t\t\t\t\t\t\t\t<p><span style=\"color: #000000;\"><\/span><\/p>\n<p><span style=\"color: #000000;\"><strong><u>Hled\u00e1n\u00ed l\u00e1sky, pravdy a spravedlnosti v na\u0161\u00ed \u0161kole<\/u><\/strong><\/span><\/p>\n<p><span style=\"color: #000000;\"><\/span><\/p>\n<p><span style=\"color: #000000;\">V leto\u0161n\u00edm roce jsme si v listopadu p\u0159ipom\u00ednali ji\u017e 35. v\u00fdro\u010d\u00ed sametov\u00e9 revoluce, kter\u00e1 n\u00e1m v\u0161em p\u0159inesla svobodu a demokracii. Ale jak ud\u00e1losti z listopadu 1989 vysv\u011btlit dne\u0161n\u00edm d\u011btem, kter\u00fdm \u017eivot v tomto roce p\u0159ipad\u00e1 jako prav\u011bk? Nep\u0159est\u00e1vaj\u00ed se divit, \u017ee nebyly mobily, supermarkety. Je opravdu t\u011b\u017ek\u00e9 jim vysv\u011btlit, co byl Tuzex, spartaki\u00e1da, ROH a RVHP.<\/span><\/p>\n<p><span style=\"color: #000000;\"><\/span><\/p>\n<p><span style=\"color: #000000;\">V na\u0161\u00ed \u0161kole jsme si tuto nejv\u00fdznamn\u011bj\u0161\u00ed ud\u00e1lost na\u0161\u00ed novodob\u00e9 historie p\u0159ipomn\u011bli hned t\u0159ikr\u00e1t. Nejprve jsme nechali promluvit k d\u011btem herce z divadla SemTamF\u00f3r, kte\u0159\u00ed hledali l\u00e1sku, pravdu a spravedlnost v divadeln\u00edch adaptac\u00edch detektivn\u00edch Pov\u00eddek z jedn\u00e9 a druh\u00e9 kapsy Karla \u010capka, kter\u00e9 \u017e\u00e1ci zhl\u00e9dli v pond\u011bl\u00ed 18. listopadu v KS Vratimov. V jedn\u00e9 pov\u00eddce detektiv p\u0159\u00edmo hled\u00e1 ztracenou l\u00e1sku, pravdu a spravedlnost jako detektivn\u00ed p\u0159\u00edpad. Na konci p\u0159edstaven\u00ed herci p\u0159ipomn\u011bli p\u0159edstavu Karla \u010capka o fungov\u00e1n\u00ed demokratick\u00e9 spole\u010dnosti a vyzvali p\u0159\u00edtomn\u00e9 \u017e\u00e1ky, aby se neb\u00e1li ve sv\u00fdch \u017eivotech l\u00e1sku, pravdu a spravedlnost tak\u00e9 propagovat.<\/span><\/p>\n<p><span style=\"color: #000000;\"><\/span><\/p>\n<p><span style=\"color: #000000;\">Jak t\u011b\u017ek\u00e9 je si svobodu a demokracii vybojovat si \u017e\u00e1ci mohli zkusit po celou druhou polovinu listopadu. Na st\u011bn\u00e1ch chodby v 1. pat\u0159e \u0161koln\u00ed budovy byly rozv\u011b\u0161eny plak\u00e1ty s jednotliv\u00fdmi v\u00fdznamn\u00fdmi ud\u00e1lostmi z listopadu 1989. Po spln\u011bn\u00ed aktivit na jednotliv\u00fdch plak\u00e1tech z\u00edskali \u017e\u00e1ci p\u00edsmena, ze kter\u00fdch pak podle kl\u00ed\u010de vylu\u0161tili slavnou v\u011btu pana V\u00e1clava Havla: \u201ePravda a l\u00e1ska mus\u00ed zv\u00edt\u011bzit nad l\u017e\u00ed a nen\u00e1vist\u00ed.\u201c Celou stezku vyzdobili \u017e\u00e1ci 9. A, kte\u0159\u00ed p\u0159ipravili plak\u00e1ty s revolu\u010dn\u00edmi hesly z\u00a0demonstrac\u00ed, kter\u00e9 prob\u00edhaly v pr\u016fb\u011bhu sametov\u00e9 revoluce. D\u00e9v\u00e1\u0165\u00e1ci pak mohli v\u0161echny nabyt\u00e9 informace z\u00faro\u010dit v knihovnick\u00e9m kv\u00edzu, kter\u00fd pro n\u011b p\u0159ipravily knihovnice z M\u011bstsk\u00e9 knihovny ve Vratimov\u011b, za co\u017e jim velmi d\u011bkujeme.<\/span><\/p>\n<p><span style=\"color: #000000;\"><\/span><\/p>\n<p><span style=\"color: #000000;\">I kdy\u017e je pro n\u00e1ctilet\u00e9 pochopen\u00ed ud\u00e1lost\u00ed z listopadu 1989 velmi t\u011b\u017ek\u00e9, na konci listopadu 2024 si byli v\u0161ichni \u017e\u00e1ci 2. stupn\u011b Z\u0160 Vratimov, Masarykovo n\u00e1m\u011bst\u00ed jist\u00ed, \u017ee pravda, l\u00e1ska a spravedlnost jsou hodnoty, pro kter\u00e9 stoj\u00ed za to rozpoutat revoluci, t\u0159eba jako v\u00a0roce 1989 sametovou.<\/span><\/p>\n<p><span style=\"color: #000000;\"><\/span><\/p>\n<p style=\"text-align: right;\"><span style=\"color: #000000;\">\u00a0\u00a0\u00a0\u00a0\u00a0\u00a0\u00a0\u00a0\u00a0\u00a0\u00a0\u00a0\u00a0\u00a0\u00a0\u00a0\u00a0\u00a0\u00a0\u00a0\u00a0\u00a0\u00a0\u00a0\u00a0\u00a0\u00a0\u00a0\u00a0\u00a0\u00a0\u00a0\u00a0\u00a0\u00a0\u00a0\u00a0\u00a0\u00a0\u00a0\u00a0\u00a0\u00a0\u00a0\u00a0\u00a0 sametov\u00ed u\u010ditel\u00e9 d\u011bjepisu<\/span><\/p>\n<p>\u00a0<\/p>\n<p><span style=\"color: #000000;\"><\/span><\/p>\t\t\t\t\t\t\t\t<\/div>\n\t\t\t\t\t<\/div>\n\t\t<\/div>\n\t\t\t\t\t<\/div>\n\t\t<\/section>\n\t\t\t\t<\/div>\n\t\t","protected":false},"excerpt":{"rendered":"<p>Hled\u00e1n\u00ed l\u00e1sky, pravdy a spravedlnosti v na\u0161\u00ed \u0161kole V leto\u0161n\u00edm roce jsme si v listopadu p\u0159ipom\u00ednali ji\u017e 35. v\u00fdro\u010d\u00ed sametov\u00e9 revoluce, kter\u00e1 n\u00e1m v\u0161em p\u0159inesla svobodu a demokracii. Ale jak ud\u00e1losti z listopadu 1989 vysv\u011btlit dne\u0161n\u00edm d\u011btem, kter\u00fdm \u017eivot v tomto roce p\u0159ipad\u00e1 jako prav\u011bk? Nep\u0159est\u00e1vaj\u00ed se divit, \u017ee nebyly mobily, supermarkety. Je opravdu t\u011b\u017ek\u00e9 jim vysv\u011btlit, co byl Tuzex, spartaki\u00e1da, ROH a RVHP. V na\u0161\u00ed \u0161kole jsme si tuto nejv\u00fdznamn\u011bj\u0161\u00ed ud\u00e1lost na\u0161\u00ed novodob\u00e9 historie p\u0159ipomn\u011bli hned t\u0159ikr\u00e1t. Nejprve jsme nechali promluvit k d\u011btem herce z divadla SemTamF\u00f3r, kte\u0159\u00ed hledali l\u00e1sku, pravdu a spravedlnost v divadeln\u00edch adaptac\u00edch detektivn\u00edch Pov\u00eddek z jedn\u00e9 a druh\u00e9 kapsy Karla \u010capka, kter\u00e9 \u017e\u00e1ci zhl\u00e9dli v pond\u011bl\u00ed 18. listopadu v KS Vratimov. V jedn\u00e9 pov\u00eddce detektiv p\u0159\u00edmo hled\u00e1 ztracenou l\u00e1sku, pravdu a spravedlnost jako detektivn\u00ed p\u0159\u00edpad. Na konci p\u0159edstaven\u00ed herci p\u0159ipomn\u011bli p\u0159edstavu Karla \u010capka o fungov\u00e1n\u00ed demokratick\u00e9 spole\u010dnosti a vyzvali p\u0159\u00edtomn\u00e9 \u017e\u00e1ky, aby se neb\u00e1li ve sv\u00fdch \u017eivotech l\u00e1sku, pravdu a spravedlnost tak\u00e9 propagovat. Jak t\u011b\u017ek\u00e9 je si svobodu a demokracii vybojovat si \u017e\u00e1ci mohli zkusit po celou druhou polovinu listopadu. Na st\u011bn\u00e1ch chodby v 1. pat\u0159e \u0161koln\u00ed budovy byly rozv\u011b\u0161eny plak\u00e1ty s jednotliv\u00fdmi v\u00fdznamn\u00fdmi ud\u00e1lostmi z listopadu 1989. Po spln\u011bn\u00ed aktivit na jednotliv\u00fdch plak\u00e1tech z\u00edskali \u017e\u00e1ci p\u00edsmena, ze kter\u00fdch pak podle kl\u00ed\u010de vylu\u0161tili slavnou v\u011btu pana V\u00e1clava Havla: \u201ePravda a l\u00e1ska mus\u00ed zv\u00edt\u011bzit nad l\u017e\u00ed a nen\u00e1vist\u00ed.\u201c Celou stezku vyzdobili \u017e\u00e1ci 9. A, kte\u0159\u00ed p\u0159ipravili plak\u00e1ty s revolu\u010dn\u00edmi hesly z\u00a0demonstrac\u00ed, kter\u00e9 prob\u00edhaly v pr\u016fb\u011bhu sametov\u00e9 revoluce. D\u00e9v\u00e1\u0165\u00e1ci pak mohli v\u0161echny nabyt\u00e9 informace z\u00faro\u010dit v knihovnick\u00e9m kv\u00edzu, kter\u00fd pro n\u011b p\u0159ipravily knihovnice z M\u011bstsk\u00e9 knihovny ve Vratimov\u011b, za co\u017e jim velmi d\u011bkujeme. I kdy\u017e je pro n\u00e1ctilet\u00e9 pochopen\u00ed ud\u00e1lost\u00ed z listopadu 1989 velmi t\u011b\u017ek\u00e9, na konci listopadu 2024 si byli v\u0161ichni \u017e\u00e1ci 2. stupn\u011b Z\u0160 Vratimov, Masarykovo n\u00e1m\u011bst\u00ed jist\u00ed, \u017ee pravda, l\u00e1ska a spravedlnost jsou hodnoty, pro kter\u00e9 stoj\u00ed za to rozpoutat revoluci, t\u0159eba jako v\u00a0roce 1989 sametovou. \u00a0\u00a0\u00a0\u00a0\u00a0\u00a0\u00a0\u00a0\u00a0\u00a0\u00a0\u00a0\u00a0\u00a0\u00a0\u00a0\u00a0\u00a0\u00a0\u00a0\u00a0\u00a0\u00a0\u00a0\u00a0\u00a0\u00a0\u00a0\u00a0\u00a0\u00a0\u00a0\u00a0\u00a0\u00a0\u00a0\u00a0\u00a0\u00a0\u00a0\u00a0\u00a0\u00a0\u00a0\u00a0\u00a0 sametov\u00ed u\u010ditel\u00e9 d\u011bjepisu \u00a0<\/p>\n","protected":false},"author":2,"featured_media":0,"comment_status":"open","ping_status":"open","sticky":false,"template":"","format":"gallery","meta":{"footnotes":""},"categories":[17,16],"tags":[],"class_list":["post-13028","post","type-post","status-publish","format-gallery","hentry","category-akce","category-aktuality","post_format-post-format-gallery"],"rttpg_featured_image_url":null,"rttpg_author":{"display_name":"admin","author_link":"https:\/\/www.zsmasaryk.cz\/index.php\/author\/admin\/"},"rttpg_comment":0,"rttpg_category":"<a href=\"https:\/\/www.zsmasaryk.cz\/index.php\/category\/akce\/\" rel=\"category tag\">Akce \u0161koly<\/a> <a href=\"https:\/\/www.zsmasaryk.cz\/index.php\/category\/aktuality\/\" rel=\"category tag\">Aktuality<\/a>","rttpg_excerpt":"Hled\u00e1n\u00ed l\u00e1sky, pravdy a spravedlnosti v na\u0161\u00ed \u0161kole V leto\u0161n\u00edm roce jsme si v listopadu p\u0159ipom\u00ednali ji\u017e 35. v\u00fdro\u010d\u00ed sametov\u00e9 revoluce, kter\u00e1 n\u00e1m v\u0161em p\u0159inesla svobodu a demokracii. Ale jak ud\u00e1losti z listopadu 1989 vysv\u011btlit dne\u0161n\u00edm d\u011btem, kter\u00fdm \u017eivot v tomto roce p\u0159ipad\u00e1 jako prav\u011bk? Nep\u0159est\u00e1vaj\u00ed se divit, \u017ee nebyly mobily, supermarkety. Je opravdu t\u011b\u017ek\u00e9&hellip;","_links":{"self":[{"href":"https:\/\/www.zsmasaryk.cz\/index.php\/wp-json\/wp\/v2\/posts\/13028","targetHints":{"allow":["GET"]}}],"collection":[{"href":"https:\/\/www.zsmasaryk.cz\/index.php\/wp-json\/wp\/v2\/posts"}],"about":[{"href":"https:\/\/www.zsmasaryk.cz\/index.php\/wp-json\/wp\/v2\/types\/post"}],"author":[{"embeddable":true,"href":"https:\/\/www.zsmasaryk.cz\/index.php\/wp-json\/wp\/v2\/users\/2"}],"replies":[{"embeddable":true,"href":"https:\/\/www.zsmasaryk.cz\/index.php\/wp-json\/wp\/v2\/comments?post=13028"}],"version-history":[{"count":0,"href":"https:\/\/www.zsmasaryk.cz\/index.php\/wp-json\/wp\/v2\/posts\/13028\/revisions"}],"wp:attachment":[{"href":"https:\/\/www.zsmasaryk.cz\/index.php\/wp-json\/wp\/v2\/media?parent=13028"}],"wp:term":[{"taxonomy":"category","embeddable":true,"href":"https:\/\/www.zsmasaryk.cz\/index.php\/wp-json\/wp\/v2\/categories?post=13028"},{"taxonomy":"post_tag","embeddable":true,"href":"https:\/\/www.zsmasaryk.cz\/index.php\/wp-json\/wp\/v2\/tags?post=13028"}],"curies":[{"name":"wp","href":"https:\/\/api.w.org\/{rel}","templated":true}]}}