{"id":13327,"date":"2025-02-28T09:02:37","date_gmt":"2025-02-28T09:02:37","guid":{"rendered":"https:\/\/www.zsmasaryk.cz\/?p=13327"},"modified":"2025-02-28T09:06:27","modified_gmt":"2025-02-28T09:06:27","slug":"recitacni-soutez-v-anglictine","status":"publish","type":"post","link":"https:\/\/www.zsmasaryk.cz\/index.php\/2025\/02\/28\/recitacni-soutez-v-anglictine\/","title":{"rendered":"RECITA\u010cN\u00cd SOUT\u011a\u017d V ANGLI\u010cTIN\u011a"},"content":{"rendered":"\t\t<div data-elementor-type=\"wp-post\" data-elementor-id=\"13327\" class=\"elementor elementor-13327\">\n\t\t\t\t\t\t<section class=\"elementor-section elementor-top-section elementor-element elementor-element-55366633 elementor-section-boxed elementor-section-height-default elementor-section-height-default\" data-id=\"55366633\" data-element_type=\"section\" data-e-type=\"section\">\n\t\t\t\t\t\t<div class=\"elementor-container elementor-column-gap-default\">\n\t\t\t\t\t<div class=\"elementor-column elementor-col-100 elementor-top-column elementor-element elementor-element-6e161e67\" data-id=\"6e161e67\" data-element_type=\"column\" data-e-type=\"column\">\n\t\t\t<div class=\"elementor-widget-wrap elementor-element-populated\">\n\t\t\t\t\t\t<div class=\"elementor-element elementor-element-5958cb9 elementor-widget elementor-widget-text-editor\" data-id=\"5958cb9\" data-element_type=\"widget\" data-e-type=\"widget\" data-widget_type=\"text-editor.default\">\n\t\t\t\t\t\t\t\t\t<p><span style=\"color: #000000;\"><\/span><\/p>\n<p><span style=\"color: #000000;\">V\u00a0\u00fater\u00fd 25. \u00fanora 2025 se na na\u0161\u00ed \u0161kole konala recita\u010dn\u00ed sout\u011b\u017e v\u00a0angli\u010dtin\u011b. Z\u00fa\u010dastnili se j\u00ed \u017e\u00e1ci druh\u00e9ho stupn\u011b. Nejprve prob\u011bhla t\u0159\u00eddn\u00ed kola a \u00fasp\u011b\u0161n\u00ed t\u0159\u00eddn\u00ed recit\u00e1to\u0159i pot\u00e9 v\u00a0\u00fater\u00fd zm\u011b\u0159ili sv\u00e9 s\u00edly ve \u0161koln\u00edm kole. V\u0161ichni recit\u00e1to\u0159i si pe\u010dliv\u011b p\u0159ipravili sv\u00e1 vystoupen\u00ed a porota ocenila jejich snahu, v\u00fdslovnost i dramatick\u00fd projev a ocenila tyto \u017e\u00e1ky:<\/span><\/p>\n<p><span style=\"color: #000000;\"><\/span><\/p>\n<ul>\n<li><span style=\"color: #000000;\">Za \u0161est\u00fd ro\u010dn\u00edk:\u00a0\u00a0\u00a0\u00a0\u00a0\u00a0\u00a0\u00a0\u00a0\u00a0\u00a0\u00a0\u00a0\u00a0 Walter Embert,<br \/>\u00a0 \u00a0 \u00a0 \u00a0 \u00a0 \u00a0 \u00a0 \u00a0 \u00a0 \u00a0 \u00a0 \u00a0 \u00a0 \u00a0 \u00a0 \u00a0 \u00a0 \u00a0 \u00a0 \u00a0 \u00a0 \u00a0 Nguyen Dinh Long Vu<\/span><span style=\"color: #000000;\"><\/span><\/li>\n<li><span style=\"color: #000000;\">Za sedm\u00fd ro\u010dn\u00edk:\u00a0\u00a0\u00a0\u00a0\u00a0\u00a0\u00a0\u00a0\u00a0\u00a0\u00a0 Martina Brad\u00e1\u010dov\u00e1<\/span><span style=\"color: #000000;\"><\/span><\/li>\n<li><span style=\"color: #000000;\">Za osm\u00fd ro\u010dn\u00edk:\u00a0\u00a0\u00a0\u00a0\u00a0\u00a0\u00a0\u00a0\u00a0\u00a0\u00a0\u00a0\u00a0 Sabina Kursov\u00e1<\/span><span style=\"color: #000000;\"><\/span><\/li>\n<li><span style=\"color: #000000;\">Za dev\u00e1t\u00fd ro\u010dn\u00edk:\u00a0\u00a0\u00a0\u00a0\u00a0\u00a0\u00a0\u00a0\u00a0\u00a0\u00a0 Vilma \u0160panihelov\u00e1\u00a0\u00a0\u00a0\u00a0\u00a0\u00a0<\/span><\/li>\n<\/ul>\n<p><span style=\"color: #000000;\"><\/span><\/p>\n<p><span style=\"color: #000000;\">\u017d\u00e1kyn\u011b <strong>Sabina Kursov\u00e1<\/strong> bude na\u0161i \u0161kolu reprezentovat v\u00a0recita\u010dn\u00ed sout\u011b\u017ei, kterou po\u0159\u00e1d\u00e1 Americk\u00e9 centrum Ostrava\u00a0ve spolupr\u00e1ci s\u00a0Komorn\u00ed sc\u00e9nou Ar\u00e9na 3. a 4. dubna 2025. Gratulujeme!<\/span><\/p>\n<p><span style=\"color: #000000;\"><\/span><\/p>\t\t\t\t\t\t\t\t<\/div>\n\t\t\t\t\t<\/div>\n\t\t<\/div>\n\t\t\t\t\t<\/div>\n\t\t<\/section>\n\t\t\t\t<\/div>\n\t\t","protected":false},"excerpt":{"rendered":"<p>V\u00a0\u00fater\u00fd 25. \u00fanora 2025 se na na\u0161\u00ed \u0161kole konala recita\u010dn\u00ed sout\u011b\u017e v\u00a0angli\u010dtin\u011b. Z\u00fa\u010dastnili se j\u00ed \u017e\u00e1ci druh\u00e9ho stupn\u011b. Nejprve prob\u011bhla t\u0159\u00eddn\u00ed kola a \u00fasp\u011b\u0161n\u00ed t\u0159\u00eddn\u00ed recit\u00e1to\u0159i pot\u00e9 v\u00a0\u00fater\u00fd zm\u011b\u0159ili sv\u00e9 s\u00edly ve \u0161koln\u00edm kole. V\u0161ichni recit\u00e1to\u0159i si pe\u010dliv\u011b p\u0159ipravili sv\u00e1 vystoupen\u00ed a porota ocenila jejich snahu, v\u00fdslovnost i dramatick\u00fd projev a ocenila tyto \u017e\u00e1ky: Za \u0161est\u00fd ro\u010dn\u00edk:\u00a0\u00a0\u00a0\u00a0\u00a0\u00a0\u00a0\u00a0\u00a0\u00a0\u00a0\u00a0\u00a0\u00a0 Walter Embert,\u00a0 \u00a0 \u00a0 \u00a0 \u00a0 \u00a0 \u00a0 \u00a0 \u00a0 \u00a0 \u00a0 \u00a0 \u00a0 \u00a0 \u00a0 \u00a0 \u00a0 \u00a0 \u00a0 \u00a0 \u00a0 \u00a0 Nguyen Dinh Long Vu Za sedm\u00fd ro\u010dn\u00edk:\u00a0\u00a0\u00a0\u00a0\u00a0\u00a0\u00a0\u00a0\u00a0\u00a0\u00a0 Martina Brad\u00e1\u010dov\u00e1 Za osm\u00fd ro\u010dn\u00edk:\u00a0\u00a0\u00a0\u00a0\u00a0\u00a0\u00a0\u00a0\u00a0\u00a0\u00a0\u00a0\u00a0 Sabina Kursov\u00e1 Za dev\u00e1t\u00fd ro\u010dn\u00edk:\u00a0\u00a0\u00a0\u00a0\u00a0\u00a0\u00a0\u00a0\u00a0\u00a0\u00a0 Vilma \u0160panihelov\u00e1\u00a0\u00a0\u00a0\u00a0\u00a0\u00a0 \u017d\u00e1kyn\u011b Sabina Kursov\u00e1 bude na\u0161i \u0161kolu reprezentovat v\u00a0recita\u010dn\u00ed sout\u011b\u017ei, kterou po\u0159\u00e1d\u00e1 Americk\u00e9 centrum Ostrava\u00a0ve spolupr\u00e1ci s\u00a0Komorn\u00ed sc\u00e9nou Ar\u00e9na 3. a 4. dubna 2025. Gratulujeme!<\/p>\n","protected":false},"author":2,"featured_media":13326,"comment_status":"open","ping_status":"open","sticky":false,"template":"","format":"standard","meta":{"footnotes":""},"categories":[17,16],"tags":[],"class_list":["post-13327","post","type-post","status-publish","format-standard","has-post-thumbnail","hentry","category-akce","category-aktuality"],"rttpg_featured_image_url":{"full":["https:\/\/www.zsmasaryk.cz\/wp-content\/uploads\/2025\/02\/Vitezove-recitacni-souteze-v-anglictine-2025.jpg",1600,1200,false],"landscape":["https:\/\/www.zsmasaryk.cz\/wp-content\/uploads\/2025\/02\/Vitezove-recitacni-souteze-v-anglictine-2025.jpg",1600,1200,false],"portraits":["https:\/\/www.zsmasaryk.cz\/wp-content\/uploads\/2025\/02\/Vitezove-recitacni-souteze-v-anglictine-2025.jpg",1600,1200,false],"thumbnail":["https:\/\/www.zsmasaryk.cz\/wp-content\/uploads\/2025\/02\/Vitezove-recitacni-souteze-v-anglictine-2025-150x150.jpg",150,150,true],"medium":["https:\/\/www.zsmasaryk.cz\/wp-content\/uploads\/2025\/02\/Vitezove-recitacni-souteze-v-anglictine-2025-300x300.jpg",300,300,true],"large":["https:\/\/www.zsmasaryk.cz\/wp-content\/uploads\/2025\/02\/Vitezove-recitacni-souteze-v-anglictine-2025-1024x1024.jpg",1024,1024,true],"event-post-thumb":["https:\/\/www.zsmasaryk.cz\/wp-content\/uploads\/2025\/02\/Vitezove-recitacni-souteze-v-anglictine-2025-630x300.jpg",630,300,true],"event-post-thumb-box":["https:\/\/www.zsmasaryk.cz\/wp-content\/uploads\/2025\/02\/Vitezove-recitacni-souteze-v-anglictine-2025-300x240.jpg",300,240,true],"1536x1536":["https:\/\/www.zsmasaryk.cz\/wp-content\/uploads\/2025\/02\/Vitezove-recitacni-souteze-v-anglictine-2025-1536x1536.jpg",1536,1536,true],"2048x2048":["https:\/\/www.zsmasaryk.cz\/wp-content\/uploads\/2025\/02\/Vitezove-recitacni-souteze-v-anglictine-2025-2048x2048.jpg",2048,2048,true],"team-thumb-admin":["https:\/\/www.zsmasaryk.cz\/wp-content\/uploads\/2025\/02\/Vitezove-recitacni-souteze-v-anglictine-2025-100x75.jpg",100,75,true],"team-230":["https:\/\/www.zsmasaryk.cz\/wp-content\/uploads\/2025\/02\/Vitezove-recitacni-souteze-v-anglictine-2025-230x172.jpg",230,172,true]},"rttpg_author":{"display_name":"admin","author_link":"https:\/\/www.zsmasaryk.cz\/index.php\/author\/admin\/"},"rttpg_comment":0,"rttpg_category":"<a href=\"https:\/\/www.zsmasaryk.cz\/index.php\/category\/akce\/\" rel=\"category tag\">Akce \u0161koly<\/a> <a href=\"https:\/\/www.zsmasaryk.cz\/index.php\/category\/aktuality\/\" rel=\"category tag\">Aktuality<\/a>","rttpg_excerpt":"V\u00a0\u00fater\u00fd 25. \u00fanora 2025 se na na\u0161\u00ed \u0161kole konala recita\u010dn\u00ed sout\u011b\u017e v\u00a0angli\u010dtin\u011b. Z\u00fa\u010dastnili se j\u00ed \u017e\u00e1ci druh\u00e9ho stupn\u011b. Nejprve prob\u011bhla t\u0159\u00eddn\u00ed kola a \u00fasp\u011b\u0161n\u00ed t\u0159\u00eddn\u00ed recit\u00e1to\u0159i pot\u00e9 v\u00a0\u00fater\u00fd zm\u011b\u0159ili sv\u00e9 s\u00edly ve \u0161koln\u00edm kole. V\u0161ichni recit\u00e1to\u0159i si pe\u010dliv\u011b p\u0159ipravili sv\u00e1 vystoupen\u00ed a porota ocenila jejich snahu, v\u00fdslovnost i dramatick\u00fd projev a ocenila tyto \u017e\u00e1ky: Za&hellip;","_links":{"self":[{"href":"https:\/\/www.zsmasaryk.cz\/index.php\/wp-json\/wp\/v2\/posts\/13327","targetHints":{"allow":["GET"]}}],"collection":[{"href":"https:\/\/www.zsmasaryk.cz\/index.php\/wp-json\/wp\/v2\/posts"}],"about":[{"href":"https:\/\/www.zsmasaryk.cz\/index.php\/wp-json\/wp\/v2\/types\/post"}],"author":[{"embeddable":true,"href":"https:\/\/www.zsmasaryk.cz\/index.php\/wp-json\/wp\/v2\/users\/2"}],"replies":[{"embeddable":true,"href":"https:\/\/www.zsmasaryk.cz\/index.php\/wp-json\/wp\/v2\/comments?post=13327"}],"version-history":[{"count":0,"href":"https:\/\/www.zsmasaryk.cz\/index.php\/wp-json\/wp\/v2\/posts\/13327\/revisions"}],"wp:featuredmedia":[{"embeddable":true,"href":"https:\/\/www.zsmasaryk.cz\/index.php\/wp-json\/wp\/v2\/media\/13326"}],"wp:attachment":[{"href":"https:\/\/www.zsmasaryk.cz\/index.php\/wp-json\/wp\/v2\/media?parent=13327"}],"wp:term":[{"taxonomy":"category","embeddable":true,"href":"https:\/\/www.zsmasaryk.cz\/index.php\/wp-json\/wp\/v2\/categories?post=13327"},{"taxonomy":"post_tag","embeddable":true,"href":"https:\/\/www.zsmasaryk.cz\/index.php\/wp-json\/wp\/v2\/tags?post=13327"}],"curies":[{"name":"wp","href":"https:\/\/api.w.org\/{rel}","templated":true}]}}