{"id":13440,"date":"2025-03-21T09:59:40","date_gmt":"2025-03-21T09:59:40","guid":{"rendered":"https:\/\/www.zsmasaryk.cz\/?p=13440"},"modified":"2025-04-01T11:58:45","modified_gmt":"2025-04-01T11:58:45","slug":"zpatky-do-skoly","status":"publish","type":"post","link":"https:\/\/www.zsmasaryk.cz\/index.php\/2025\/03\/21\/zpatky-do-skoly\/","title":{"rendered":"ZP\u00c1TKY DO \u0160KOLY"},"content":{"rendered":"\t\t<div data-elementor-type=\"wp-post\" data-elementor-id=\"13440\" class=\"elementor elementor-13440\">\n\t\t\t\t\t\t<section class=\"elementor-section elementor-top-section elementor-element elementor-element-3791f1cd elementor-section-boxed elementor-section-height-default elementor-section-height-default\" data-id=\"3791f1cd\" data-element_type=\"section\" data-e-type=\"section\">\n\t\t\t\t\t\t<div class=\"elementor-container elementor-column-gap-default\">\n\t\t\t\t\t<div class=\"elementor-column elementor-col-100 elementor-top-column elementor-element elementor-element-4c04fe08\" data-id=\"4c04fe08\" data-element_type=\"column\" data-e-type=\"column\">\n\t\t\t<div class=\"elementor-widget-wrap elementor-element-populated\">\n\t\t\t\t\t\t<div class=\"elementor-element elementor-element-73e9f7d8 elementor-widget elementor-widget-text-editor\" data-id=\"73e9f7d8\" data-element_type=\"widget\" data-e-type=\"widget\" data-widget_type=\"text-editor.default\">\n\t\t\t\t\t\t\t\t\t\n<p><span style=\"color: #000000;\">Tak se jmenuje projekt, do kter\u00e9ho se v pr\u016fb\u011bhu \u00fanora a b\u0159ezna zapojila t\u0159\u00edda 8. A. Tento projekt propojuje na\u0161i mladou generaci s klienty Domu s pe\u010dovatelskou slu\u017ebou ve Vratimov\u011b. V r\u00e1mci konzultac\u00ed, jak by m\u011bla vz\u00e1jemn\u00e1 spolupr\u00e1ce vypadat, nav\u0161t\u00edvili \u017e\u00e1ci veden\u00ed m\u011bsta na radnici a absolvovali pov\u00edd\u00e1n\u00ed pan\u00ed Veroniky Raszkov\u00e9 ze Slezsk\u00e9 diakonie. Po sch\u016fzce s pan\u00ed Lenkou Machalcovou, koordin\u00e1torkou a soci\u00e1ln\u00ed pracovnic\u00ed z Domu s pe\u010dovatelskou slu\u017ebou ve Vratimov\u011b, n\u00e1sledovala dv\u011b setk\u00e1n\u00ed s babi\u010dkami a d\u011bde\u010dky z tohoto za\u0159\u00edzen\u00ed u n\u00e1s ve \u0161kole.<\/span><\/p>\n<p><span style=\"color: #000000;\"><\/span><\/p>\n<p><span style=\"color: #000000;\">Na prvn\u00edm setk\u00e1n\u00ed si \u017e\u00e1ci se sv\u00fdmi hosty zahr\u00e1li bingo a zazp\u00edvali p\u00edsni\u010dky na p\u0159\u00e1n\u00ed a na druh\u00e9m setk\u00e1n\u00ed si senio\u0159i vyzkou\u0161eli hodinu angli\u010dtiny s\u00a0pou\u017eit\u00edm interaktivn\u00ed tabule a tablet\u016f. D\u011bv\u010data upekla skv\u011bl\u00e9 ob\u010derstven\u00ed v\u00a0podob\u011b rol\u00e1dy, b\u00e1bovky, cookies a \u0161nek\u016f. Krom\u011b toho slavil jeden z\u00a0p\u00e1n\u016f pr\u00e1v\u011b 88. narozeniny, a tak mu Ad\u00e9lka Parmov\u00e1 upekla dort a v\u0161ichni mu zazp\u00edvali a pop\u0159\u00e1li mnoho zdrav\u00ed.<\/span><\/p>\n<p><span style=\"color: #000000;\"><\/span><\/p>\n<p><span style=\"color: #000000;\">Je\u0161t\u011b po skon\u010den\u00ed akce s\u00a0n\u00e1mi \u017e\u00e1ci nad\u0161en\u011b sd\u00edleli sv\u00e9 dojmy a z\u00e1\u017eitky z\u00a0obou setk\u00e1n\u00ed a pod\u011blili se o informace, kter\u00e9 se od sv\u00fdch host\u016f dozv\u011bd\u011bli \u2013 nap\u0159. na co byl kalam\u00e1\u0159 nebo jak pan u\u010ditel trestal neposlu\u0161n\u00e9 \u017e\u00e1ky\u2026<\/span><\/p>\n<p><span style=\"color: #000000;\"><\/span><\/p>\n<p><span style=\"color: #000000;\">V\u011b\u0159\u00edme, \u017ee si na\u0161e spole\u010dn\u00e9 hodiny v\u0161ichni u\u017eili, a \u017ee budeme v\u00a0t\u00e9to kr\u00e1sn\u00e9 spolupr\u00e1ci pokra\u010dovat a sejdeme se op\u011bt t\u0159eba ve \u0161koln\u00edch lavic\u00edch.<\/span><\/p>\n<p><span style=\"color: #000000;\"><\/span><\/p>\n<p><span style=\"color: #000000;\">Na\u0161i \u017e\u00e1ci budou tyto sv\u00e9 aktivity prezentovat na za\u010d\u00e1tku dubna na z\u00e1v\u011bre\u010dn\u00e9 p\u0159ehl\u00eddce \u0161kol v\u00a0r\u00e1mci projektu K\u0159\u00ed\u017eem kr\u00e1\u017eem Slezskou br\u00e1nou.<\/span><\/p>\n<p style=\"text-align: center;\"><a href=\"https:\/\/www.rajce.idnes.cz\/bawaja\/album\/zpatky-do-skoly\" target=\"_blank\" rel=\"noopener\"><strong>FOTOGALERIE<\/strong><\/a><\/p>\n\t\t\t\t\t\t\t\t<\/div>\n\t\t\t\t\t<\/div>\n\t\t<\/div>\n\t\t\t\t\t<\/div>\n\t\t<\/section>\n\t\t\t\t<\/div>\n\t\t","protected":false},"excerpt":{"rendered":"<p>Tak se jmenuje projekt, do kter\u00e9ho se v pr\u016fb\u011bhu \u00fanora a b\u0159ezna zapojila t\u0159\u00edda 8. A. Tento projekt propojuje na\u0161i mladou generaci s klienty Domu s pe\u010dovatelskou slu\u017ebou ve Vratimov\u011b. V r\u00e1mci konzultac\u00ed, jak by m\u011bla vz\u00e1jemn\u00e1 spolupr\u00e1ce vypadat, nav\u0161t\u00edvili \u017e\u00e1ci veden\u00ed m\u011bsta na radnici a absolvovali pov\u00edd\u00e1n\u00ed pan\u00ed Veroniky Raszkov\u00e9 ze Slezsk\u00e9 diakonie. Po sch\u016fzce s pan\u00ed Lenkou Machalcovou, koordin\u00e1torkou a soci\u00e1ln\u00ed pracovnic\u00ed z Domu s pe\u010dovatelskou slu\u017ebou ve Vratimov\u011b, n\u00e1sledovala dv\u011b setk\u00e1n\u00ed s babi\u010dkami a d\u011bde\u010dky z tohoto za\u0159\u00edzen\u00ed u n\u00e1s ve \u0161kole. Na prvn\u00edm setk\u00e1n\u00ed si \u017e\u00e1ci se sv\u00fdmi hosty zahr\u00e1li bingo a zazp\u00edvali p\u00edsni\u010dky na p\u0159\u00e1n\u00ed a na druh\u00e9m setk\u00e1n\u00ed si senio\u0159i vyzkou\u0161eli hodinu angli\u010dtiny s\u00a0pou\u017eit\u00edm interaktivn\u00ed tabule a tablet\u016f. D\u011bv\u010data upekla skv\u011bl\u00e9 ob\u010derstven\u00ed v\u00a0podob\u011b rol\u00e1dy, b\u00e1bovky, cookies a \u0161nek\u016f. Krom\u011b toho slavil jeden z\u00a0p\u00e1n\u016f pr\u00e1v\u011b 88. narozeniny, a tak mu Ad\u00e9lka Parmov\u00e1 upekla dort a v\u0161ichni mu zazp\u00edvali a pop\u0159\u00e1li mnoho zdrav\u00ed. Je\u0161t\u011b po skon\u010den\u00ed akce s\u00a0n\u00e1mi \u017e\u00e1ci nad\u0161en\u011b sd\u00edleli sv\u00e9 dojmy a z\u00e1\u017eitky z\u00a0obou setk\u00e1n\u00ed a pod\u011blili se o informace, kter\u00e9 se od sv\u00fdch host\u016f dozv\u011bd\u011bli \u2013 nap\u0159. na co byl kalam\u00e1\u0159 nebo jak pan u\u010ditel trestal neposlu\u0161n\u00e9 \u017e\u00e1ky\u2026 V\u011b\u0159\u00edme, \u017ee si na\u0161e spole\u010dn\u00e9 hodiny v\u0161ichni u\u017eili, a \u017ee budeme v\u00a0t\u00e9to kr\u00e1sn\u00e9 spolupr\u00e1ci pokra\u010dovat a sejdeme se op\u011bt t\u0159eba ve \u0161koln\u00edch lavic\u00edch. Na\u0161i \u017e\u00e1ci budou tyto sv\u00e9 aktivity prezentovat na za\u010d\u00e1tku dubna na z\u00e1v\u011bre\u010dn\u00e9 p\u0159ehl\u00eddce \u0161kol v\u00a0r\u00e1mci projektu K\u0159\u00ed\u017eem kr\u00e1\u017eem Slezskou br\u00e1nou. FOTOGALERIE<\/p>\n","protected":false},"author":2,"featured_media":13449,"comment_status":"closed","ping_status":"open","sticky":false,"template":"","format":"image","meta":{"footnotes":""},"categories":[17,16],"tags":[],"class_list":["post-13440","post","type-post","status-publish","format-image","has-post-thumbnail","hentry","category-akce","category-aktuality","post_format-post-format-image"],"rttpg_featured_image_url":{"full":["https:\/\/www.zsmasaryk.cz\/wp-content\/uploads\/2025\/03\/P1010031-scaled.jpg",2560,2560,false],"landscape":["https:\/\/www.zsmasaryk.cz\/wp-content\/uploads\/2025\/03\/P1010031-scaled.jpg",2560,2560,false],"portraits":["https:\/\/www.zsmasaryk.cz\/wp-content\/uploads\/2025\/03\/P1010031-scaled.jpg",2560,2560,false],"thumbnail":["https:\/\/www.zsmasaryk.cz\/wp-content\/uploads\/2025\/03\/P1010031-150x150.jpg",150,150,true],"medium":["https:\/\/www.zsmasaryk.cz\/wp-content\/uploads\/2025\/03\/P1010031-300x300.jpg",300,300,true],"large":["https:\/\/www.zsmasaryk.cz\/wp-content\/uploads\/2025\/03\/P1010031-1024x1024.jpg",1024,1024,true],"event-post-thumb":["https:\/\/www.zsmasaryk.cz\/wp-content\/uploads\/2025\/03\/P1010031-630x300.jpg",630,300,true],"event-post-thumb-box":["https:\/\/www.zsmasaryk.cz\/wp-content\/uploads\/2025\/03\/P1010031-300x240.jpg",300,240,true],"1536x1536":["https:\/\/www.zsmasaryk.cz\/wp-content\/uploads\/2025\/03\/P1010031-1536x1536.jpg",1536,1536,true],"2048x2048":["https:\/\/www.zsmasaryk.cz\/wp-content\/uploads\/2025\/03\/P1010031-2048x2048.jpg",2048,2048,true],"team-thumb-admin":["https:\/\/www.zsmasaryk.cz\/wp-content\/uploads\/2025\/03\/P1010031-100x75.jpg",100,75,true],"team-230":["https:\/\/www.zsmasaryk.cz\/wp-content\/uploads\/2025\/03\/P1010031-230x172.jpg",230,172,true]},"rttpg_author":{"display_name":"admin","author_link":"https:\/\/www.zsmasaryk.cz\/index.php\/author\/admin\/"},"rttpg_comment":0,"rttpg_category":"<a href=\"https:\/\/www.zsmasaryk.cz\/index.php\/category\/akce\/\" rel=\"category tag\">Akce \u0161koly<\/a> <a href=\"https:\/\/www.zsmasaryk.cz\/index.php\/category\/aktuality\/\" rel=\"category tag\">Aktuality<\/a>","rttpg_excerpt":"Tak se jmenuje projekt, do kter\u00e9ho se v pr\u016fb\u011bhu \u00fanora a b\u0159ezna zapojila t\u0159\u00edda 8. A. Tento projekt propojuje na\u0161i mladou generaci s klienty Domu s pe\u010dovatelskou slu\u017ebou ve Vratimov\u011b. V r\u00e1mci konzultac\u00ed, jak by m\u011bla vz\u00e1jemn\u00e1 spolupr\u00e1ce vypadat, nav\u0161t\u00edvili \u017e\u00e1ci veden\u00ed m\u011bsta na radnici a absolvovali pov\u00edd\u00e1n\u00ed pan\u00ed Veroniky Raszkov\u00e9 ze Slezsk\u00e9 diakonie. Po&hellip;","_links":{"self":[{"href":"https:\/\/www.zsmasaryk.cz\/index.php\/wp-json\/wp\/v2\/posts\/13440","targetHints":{"allow":["GET"]}}],"collection":[{"href":"https:\/\/www.zsmasaryk.cz\/index.php\/wp-json\/wp\/v2\/posts"}],"about":[{"href":"https:\/\/www.zsmasaryk.cz\/index.php\/wp-json\/wp\/v2\/types\/post"}],"author":[{"embeddable":true,"href":"https:\/\/www.zsmasaryk.cz\/index.php\/wp-json\/wp\/v2\/users\/2"}],"replies":[{"embeddable":true,"href":"https:\/\/www.zsmasaryk.cz\/index.php\/wp-json\/wp\/v2\/comments?post=13440"}],"version-history":[{"count":0,"href":"https:\/\/www.zsmasaryk.cz\/index.php\/wp-json\/wp\/v2\/posts\/13440\/revisions"}],"wp:featuredmedia":[{"embeddable":true,"href":"https:\/\/www.zsmasaryk.cz\/index.php\/wp-json\/wp\/v2\/media\/13449"}],"wp:attachment":[{"href":"https:\/\/www.zsmasaryk.cz\/index.php\/wp-json\/wp\/v2\/media?parent=13440"}],"wp:term":[{"taxonomy":"category","embeddable":true,"href":"https:\/\/www.zsmasaryk.cz\/index.php\/wp-json\/wp\/v2\/categories?post=13440"},{"taxonomy":"post_tag","embeddable":true,"href":"https:\/\/www.zsmasaryk.cz\/index.php\/wp-json\/wp\/v2\/tags?post=13440"}],"curies":[{"name":"wp","href":"https:\/\/api.w.org\/{rel}","templated":true}]}}