{"id":13841,"date":"2025-05-07T09:40:32","date_gmt":"2025-05-07T09:40:32","guid":{"rendered":"https:\/\/www.zsmasaryk.cz\/?p=13841"},"modified":"2025-05-07T09:53:42","modified_gmt":"2025-05-07T09:53:42","slug":"prehlidka-mladych-recitatoru-2-stupne","status":"publish","type":"post","link":"https:\/\/www.zsmasaryk.cz\/index.php\/2025\/05\/07\/prehlidka-mladych-recitatoru-2-stupne\/","title":{"rendered":"P\u0158EHL\u00cdDKA MLAD\u00ddCH RECIT\u00c1TOR\u016e 2. STUPN\u011a"},"content":{"rendered":"\n<p>V pond\u011bl\u00ed 5. kv\u011btna 2025 se odpoledne ve t\u0159\u00edd\u011b 6. B se\u0161li nejlep\u0161\u00ed recit\u00e1to\u0159i 2. stupn\u011b na\u0161\u00ed \u0161koly, aby p\u0159edvedli sv\u00e9 um\u011bn\u00ed ve \u0161koln\u00edm kole recita\u010dn\u00ed sout\u011b\u017ee.<\/p>\n\n\n\n<p>V leto\u0161n\u00edm \u0161koln\u00edm roce \u017e\u00e1ci recitovali p\u0159edev\u0161\u00edm rozvern\u00e9 b\u00e1sn\u011b nezn\u00e1m\u00fdch autor\u016f z internetu. Ob\u010das se ale objevily i smutn\u00e9 b\u00e1sn\u011b, jako nap\u0159. Zamrzl\u00e1 nebo D\u011bde\u010dk\u016fv poh\u0159eb. Ob\u011b v\u00edt\u011bzky recitovaly mezi \u017e\u00e1ky velmi obl\u00edben\u00e9 ver\u0161e Karla Jarom\u00edra Erbena ze sb\u00edrky Kytice.<\/p>\n\n\n\n<p>V odborn\u00e9 porot\u011b zasedly vybran\u00e9 t\u0159\u00eddn\u00ed u\u010ditelky 2. stupn\u011b.<\/p>\n\n\n\n<p>V\u00fdsledky:<\/p>\n\n\n\n<p>Kategorie 6. \u2013 7. t\u0159\u00edd:<\/p>\n\n\n\n<ol class=\"wp-block-list\">\n<li>m\u00edsto &nbsp; &nbsp;&nbsp;&nbsp;&nbsp;&nbsp;&nbsp;&nbsp;&nbsp;&nbsp;&nbsp;&nbsp; Kl\u00e1ra Pech\u00e1\u010dkov\u00e1 ze 6. B<\/li>\n\n\n\n<li>m\u00edsto&nbsp;&nbsp;&nbsp;&nbsp;&nbsp;&nbsp;&nbsp;&nbsp;&nbsp;&nbsp;&nbsp;&nbsp;&nbsp;&nbsp; Krist\u00fdna Nitkov\u00e1 ze 6. A<\/li>\n\n\n\n<li>m\u00edsto&nbsp;&nbsp;&nbsp;&nbsp;&nbsp;&nbsp;&nbsp;&nbsp;&nbsp;&nbsp;&nbsp;&nbsp;&nbsp;&nbsp; Eli\u0161ka Brodov\u00e1 ze 6. B a Kl\u00e1ra Z\u00e1rubov\u00e1 ze 7. A<\/li>\n<\/ol>\n\n\n\n<p>Kategorie 8. \u2013 9. t\u0159\u00edd:<\/p>\n\n\n\n<ol class=\"wp-block-list\">\n<li>m\u00edsto &nbsp; &nbsp;&nbsp;&nbsp;&nbsp;&nbsp;&nbsp;&nbsp;&nbsp;&nbsp;&nbsp;&nbsp; Jana Ku\u010derov\u00e1 z 8. t\u0159\u00eddy<\/li>\n\n\n\n<li>m\u00edsto&nbsp;&nbsp;&nbsp;&nbsp;&nbsp;&nbsp;&nbsp;&nbsp;&nbsp;&nbsp;&nbsp;&nbsp;&nbsp;&nbsp; Valent\u00fdna Chovancov\u00e1 z 9. B t\u0159\u00eddy<\/li>\n\n\n\n<li>m\u00edsto&nbsp;&nbsp;&nbsp;&nbsp;&nbsp;&nbsp;&nbsp;&nbsp;&nbsp;&nbsp;&nbsp;&nbsp;&nbsp;&nbsp; Ema Embertov\u00e1 z 8. t\u0159\u00eddy<\/li>\n<\/ol>\n\n\n\n<p>Absolutn\u00ed v\u00edt\u011bzkou v\u0161ichni p\u0159\u00edtomn\u00ed zvolili Janu Ku\u010derovou z 8. t\u0159\u00eddy, kter\u00e1 p\u0159edvedla b\u00e1se\u0148 Dce\u0159ina kletba Karla Jarom\u00edra Erbena tak, \u017ee n\u011bkter\u00fdm p\u0159\u00edtomn\u00fdm p\u0159i jej\u00edm vystoupen\u00ed nasko\u010dila hus\u00ed k\u016f\u017ee.<\/p>\n\n\n\n<p>Ocen\u011bn\u00fdm \u017e\u00e1k\u016fm gratulujeme, v\u0161em sout\u011b\u017e\u00edc\u00edm d\u011bkujeme za hezk\u00e9 v\u00fdkony a za p\u0159\u00edjemn\u011b str\u00e1ven\u00e9 odpoledne ve spole\u010dnosti t\u011bch nejlep\u0161\u00edch recit\u00e1tor\u016f 2. stupn\u011b na\u0161\u00ed z\u00e1kladn\u00ed \u0161koly.<\/p>\n\n\n\n<p class=\"has-text-align-right\">&nbsp;&nbsp;&nbsp;&nbsp;&nbsp;&nbsp;&nbsp;&nbsp;&nbsp;&nbsp;&nbsp;&nbsp;&nbsp;&nbsp;&nbsp;&nbsp;&nbsp;&nbsp;&nbsp;&nbsp;&nbsp;&nbsp;&nbsp;&nbsp;&nbsp;&nbsp;&nbsp;&nbsp;&nbsp;&nbsp;&nbsp;&nbsp;&nbsp;&nbsp;&nbsp;&nbsp;&nbsp;&nbsp;&nbsp;&nbsp;&nbsp;&nbsp;&nbsp;&nbsp;&nbsp;&nbsp;&nbsp;&nbsp;&nbsp;&nbsp;&nbsp;&nbsp;&nbsp;&nbsp;&nbsp;&nbsp;&nbsp;&nbsp;&nbsp;&nbsp;&nbsp;&nbsp;&nbsp;&nbsp;&nbsp;&nbsp;&nbsp;&nbsp;&nbsp;&nbsp;&nbsp;&nbsp;&nbsp;&nbsp;&nbsp;&nbsp;&nbsp;&nbsp;&nbsp;&nbsp;&nbsp;&nbsp; &nbsp;&nbsp;&nbsp;&nbsp;&nbsp;&nbsp;&nbsp;&nbsp;&nbsp;&nbsp;&nbsp; odborn\u00e1 porota recita\u010dn\u00ed sout\u011b\u017ee<\/p>\n\n\n\n<p class=\"has-text-align-center\"><strong><a href=\"https:\/\/zsmasaryk-my.sharepoint.com\/:f:\/g\/personal\/kozusnikova_zsmasaryk_cz\/ErCTTiPGJ9pMgY0iz8mloH8Bew75ohlXHklJbNtPZyEFMw?e=wQSg5Z\" target=\"_blank\" rel=\"noreferrer noopener nofollow\">FOTOGALERIE<\/a><\/strong><\/p>\n\n\n\n<p><\/p>\n","protected":false},"excerpt":{"rendered":"<p>V pond\u011bl\u00ed 5. kv\u011btna 2025 se odpoledne ve t\u0159\u00edd\u011b 6. B se\u0161li nejlep\u0161\u00ed recit\u00e1to\u0159i 2. stupn\u011b na\u0161\u00ed \u0161koly, aby p\u0159edvedli sv\u00e9 um\u011bn\u00ed ve \u0161koln\u00edm kole recita\u010dn\u00ed sout\u011b\u017ee. V leto\u0161n\u00edm \u0161koln\u00edm roce \u017e\u00e1ci recitovali p\u0159edev\u0161\u00edm rozvern\u00e9 b\u00e1sn\u011b nezn\u00e1m\u00fdch autor\u016f z internetu. Ob\u010das se ale objevily i smutn\u00e9 b\u00e1sn\u011b, jako nap\u0159. Zamrzl\u00e1 nebo D\u011bde\u010dk\u016fv poh\u0159eb. Ob\u011b v\u00edt\u011bzky recitovaly mezi \u017e\u00e1ky velmi obl\u00edben\u00e9 ver\u0161e Karla Jarom\u00edra Erbena ze sb\u00edrky Kytice. V odborn\u00e9 porot\u011b zasedly vybran\u00e9 t\u0159\u00eddn\u00ed u\u010ditelky 2. stupn\u011b. V\u00fdsledky: Kategorie 6. \u2013 7. t\u0159\u00edd: Kategorie 8. \u2013 9. t\u0159\u00edd: Absolutn\u00ed v\u00edt\u011bzkou v\u0161ichni p\u0159\u00edtomn\u00ed zvolili Janu Ku\u010derovou z 8. t\u0159\u00eddy, kter\u00e1 p\u0159edvedla b\u00e1se\u0148 Dce\u0159ina kletba Karla Jarom\u00edra Erbena tak, \u017ee n\u011bkter\u00fdm p\u0159\u00edtomn\u00fdm p\u0159i jej\u00edm vystoupen\u00ed nasko\u010dila hus\u00ed k\u016f\u017ee. Ocen\u011bn\u00fdm \u017e\u00e1k\u016fm gratulujeme, v\u0161em sout\u011b\u017e\u00edc\u00edm d\u011bkujeme za hezk\u00e9 v\u00fdkony a za p\u0159\u00edjemn\u011b str\u00e1ven\u00e9 odpoledne ve spole\u010dnosti t\u011bch nejlep\u0161\u00edch recit\u00e1tor\u016f 2. stupn\u011b na\u0161\u00ed z\u00e1kladn\u00ed \u0161koly. &nbsp;&nbsp;&nbsp;&nbsp;&nbsp;&nbsp;&nbsp;&nbsp;&nbsp;&nbsp;&nbsp;&nbsp;&nbsp;&nbsp;&nbsp;&nbsp;&nbsp;&nbsp;&nbsp;&nbsp;&nbsp;&nbsp;&nbsp;&nbsp;&nbsp;&nbsp;&nbsp;&nbsp;&nbsp;&nbsp;&nbsp;&nbsp;&nbsp;&nbsp;&nbsp;&nbsp;&nbsp;&nbsp;&nbsp;&nbsp;&nbsp;&nbsp;&nbsp;&nbsp;&nbsp;&nbsp;&nbsp;&nbsp;&nbsp;&nbsp;&nbsp;&nbsp;&nbsp;&nbsp;&nbsp;&nbsp;&nbsp;&nbsp;&nbsp;&nbsp;&nbsp;&nbsp;&nbsp;&nbsp;&nbsp;&nbsp;&nbsp;&nbsp;&nbsp;&nbsp;&nbsp;&nbsp;&nbsp;&nbsp;&nbsp;&nbsp;&nbsp;&nbsp;&nbsp;&nbsp;&nbsp;&nbsp; &nbsp;&nbsp;&nbsp;&nbsp;&nbsp;&nbsp;&nbsp;&nbsp;&nbsp;&nbsp;&nbsp; odborn\u00e1 porota recita\u010dn\u00ed sout\u011b\u017ee FOTOGALERIE<\/p>\n","protected":false},"author":2,"featured_media":13843,"comment_status":"closed","ping_status":"open","sticky":false,"template":"","format":"standard","meta":{"footnotes":""},"categories":[17,16],"tags":[],"class_list":["post-13841","post","type-post","status-publish","format-standard","has-post-thumbnail","hentry","category-akce","category-aktuality"],"rttpg_featured_image_url":{"full":["https:\/\/www.zsmasaryk.cz\/wp-content\/uploads\/2025\/05\/P1010373-scaled.jpg",2560,2560,false],"landscape":["https:\/\/www.zsmasaryk.cz\/wp-content\/uploads\/2025\/05\/P1010373-scaled.jpg",2560,2560,false],"portraits":["https:\/\/www.zsmasaryk.cz\/wp-content\/uploads\/2025\/05\/P1010373-scaled.jpg",2560,2560,false],"thumbnail":["https:\/\/www.zsmasaryk.cz\/wp-content\/uploads\/2025\/05\/P1010373-150x150.jpg",150,150,true],"medium":["https:\/\/www.zsmasaryk.cz\/wp-content\/uploads\/2025\/05\/P1010373-300x300.jpg",300,300,true],"large":["https:\/\/www.zsmasaryk.cz\/wp-content\/uploads\/2025\/05\/P1010373-1024x1024.jpg",1024,1024,true],"event-post-thumb":["https:\/\/www.zsmasaryk.cz\/wp-content\/uploads\/2025\/05\/P1010373-630x300.jpg",630,300,true],"event-post-thumb-box":["https:\/\/www.zsmasaryk.cz\/wp-content\/uploads\/2025\/05\/P1010373-300x240.jpg",300,240,true],"1536x1536":["https:\/\/www.zsmasaryk.cz\/wp-content\/uploads\/2025\/05\/P1010373-1536x1536.jpg",1536,1536,true],"2048x2048":["https:\/\/www.zsmasaryk.cz\/wp-content\/uploads\/2025\/05\/P1010373-2048x2048.jpg",2048,2048,true],"team-thumb-admin":["https:\/\/www.zsmasaryk.cz\/wp-content\/uploads\/2025\/05\/P1010373-100x75.jpg",100,75,true],"team-230":["https:\/\/www.zsmasaryk.cz\/wp-content\/uploads\/2025\/05\/P1010373-230x172.jpg",230,172,true]},"rttpg_author":{"display_name":"admin","author_link":"https:\/\/www.zsmasaryk.cz\/index.php\/author\/admin\/"},"rttpg_comment":0,"rttpg_category":"<a href=\"https:\/\/www.zsmasaryk.cz\/index.php\/category\/akce\/\" rel=\"category tag\">Akce \u0161koly<\/a> <a href=\"https:\/\/www.zsmasaryk.cz\/index.php\/category\/aktuality\/\" rel=\"category tag\">Aktuality<\/a>","rttpg_excerpt":"V pond\u011bl\u00ed 5. kv\u011btna 2025 se odpoledne ve t\u0159\u00edd\u011b 6. B se\u0161li nejlep\u0161\u00ed recit\u00e1to\u0159i 2. stupn\u011b na\u0161\u00ed \u0161koly, aby p\u0159edvedli sv\u00e9 um\u011bn\u00ed ve \u0161koln\u00edm kole recita\u010dn\u00ed sout\u011b\u017ee. V leto\u0161n\u00edm \u0161koln\u00edm roce \u017e\u00e1ci recitovali p\u0159edev\u0161\u00edm rozvern\u00e9 b\u00e1sn\u011b nezn\u00e1m\u00fdch autor\u016f z internetu. Ob\u010das se ale objevily i smutn\u00e9 b\u00e1sn\u011b, jako nap\u0159. Zamrzl\u00e1 nebo D\u011bde\u010dk\u016fv poh\u0159eb. Ob\u011b v\u00edt\u011bzky&hellip;","_links":{"self":[{"href":"https:\/\/www.zsmasaryk.cz\/index.php\/wp-json\/wp\/v2\/posts\/13841","targetHints":{"allow":["GET"]}}],"collection":[{"href":"https:\/\/www.zsmasaryk.cz\/index.php\/wp-json\/wp\/v2\/posts"}],"about":[{"href":"https:\/\/www.zsmasaryk.cz\/index.php\/wp-json\/wp\/v2\/types\/post"}],"author":[{"embeddable":true,"href":"https:\/\/www.zsmasaryk.cz\/index.php\/wp-json\/wp\/v2\/users\/2"}],"replies":[{"embeddable":true,"href":"https:\/\/www.zsmasaryk.cz\/index.php\/wp-json\/wp\/v2\/comments?post=13841"}],"version-history":[{"count":0,"href":"https:\/\/www.zsmasaryk.cz\/index.php\/wp-json\/wp\/v2\/posts\/13841\/revisions"}],"wp:featuredmedia":[{"embeddable":true,"href":"https:\/\/www.zsmasaryk.cz\/index.php\/wp-json\/wp\/v2\/media\/13843"}],"wp:attachment":[{"href":"https:\/\/www.zsmasaryk.cz\/index.php\/wp-json\/wp\/v2\/media?parent=13841"}],"wp:term":[{"taxonomy":"category","embeddable":true,"href":"https:\/\/www.zsmasaryk.cz\/index.php\/wp-json\/wp\/v2\/categories?post=13841"},{"taxonomy":"post_tag","embeddable":true,"href":"https:\/\/www.zsmasaryk.cz\/index.php\/wp-json\/wp\/v2\/tags?post=13841"}],"curies":[{"name":"wp","href":"https:\/\/api.w.org\/{rel}","templated":true}]}}