{"id":14005,"date":"2025-06-06T09:00:02","date_gmt":"2025-06-06T09:00:02","guid":{"rendered":"https:\/\/www.zsmasaryk.cz\/?p=14005"},"modified":"2025-06-06T21:28:18","modified_gmt":"2025-06-06T21:28:18","slug":"turisticky-kurz-zaku-5-tridy","status":"publish","type":"post","link":"https:\/\/www.zsmasaryk.cz\/index.php\/2025\/06\/06\/turisticky-kurz-zaku-5-tridy\/","title":{"rendered":"TURISTICK\u00dd KURZ \u017d\u00c1K\u016e 5. T\u0158\u00cdDY"},"content":{"rendered":"\n<p>Ve dnech 28. 5. 2025 a\u017e 30.5.2025 se uskute\u010dnil turistick\u00fd kurz \u017e\u00e1k\u016f 5. t\u0159\u00eddy, tentokr\u00e1t v kr\u00e1sn\u00e9m prost\u0159ed\u00ed Beskyd. V\u0161ichni jsme se ob\u00e1vali, jak v\u0161e dopadne, proto\u017ee p\u0159edpov\u011b\u010f po\u010das\u00ed nebyla zrovna pro takovou akci p\u0159\u00edzniv\u00e1. A jak to nakonec dopadlo? To se m\u016f\u017eete do\u010d\u00edst v \u010dl\u00e1nku, kter\u00fd o sv\u00e9m kurzu napsali sami \u017e\u00e1ci \u2013 jak jinak, ne\u017e dobrovoln\u011b &#8211; <a href=\"http:\/\/www.zsmasaryk.cz\/wp-content\/uploads\/2025\/06\/Turistak-pataku.pdf\" target=\"_blank\" rel=\"noreferrer noopener nofollow\">\u010cT\u011aTE<\/a><\/p>\n\n\n\n<p class=\"has-text-align-center\"><strong><a href=\"https:\/\/www.rajce.idnes.cz\/bawaja\/album\/lysa-hora-s-pataky\" target=\"_blank\" rel=\"noreferrer noopener\">FOTOGALERIE<\/a><\/strong><\/p>\n","protected":false},"excerpt":{"rendered":"<p>Ve dnech 28. 5. 2025 a\u017e 30.5.2025 se uskute\u010dnil turistick\u00fd kurz \u017e\u00e1k\u016f 5. t\u0159\u00eddy, tentokr\u00e1t v kr\u00e1sn\u00e9m prost\u0159ed\u00ed Beskyd. V\u0161ichni jsme se ob\u00e1vali, jak v\u0161e dopadne, proto\u017ee p\u0159edpov\u011b\u010f po\u010das\u00ed nebyla zrovna pro takovou akci p\u0159\u00edzniv\u00e1. A jak to nakonec dopadlo? To se m\u016f\u017eete do\u010d\u00edst v \u010dl\u00e1nku, kter\u00fd o sv\u00e9m kurzu napsali sami \u017e\u00e1ci \u2013 jak jinak, ne\u017e dobrovoln\u011b &#8211; \u010cT\u011aTE FOTOGALERIE<\/p>\n","protected":false},"author":2,"featured_media":14007,"comment_status":"closed","ping_status":"closed","sticky":false,"template":"","format":"standard","meta":{"footnotes":""},"categories":[17,16],"tags":[],"class_list":["post-14005","post","type-post","status-publish","format-standard","has-post-thumbnail","hentry","category-akce","category-aktuality"],"rttpg_featured_image_url":{"full":["https:\/\/www.zsmasaryk.cz\/wp-content\/uploads\/2025\/06\/IMG_20250529_161512-scaled.jpg",2560,2560,false],"landscape":["https:\/\/www.zsmasaryk.cz\/wp-content\/uploads\/2025\/06\/IMG_20250529_161512-scaled.jpg",2560,2560,false],"portraits":["https:\/\/www.zsmasaryk.cz\/wp-content\/uploads\/2025\/06\/IMG_20250529_161512-scaled.jpg",2560,2560,false],"thumbnail":["https:\/\/www.zsmasaryk.cz\/wp-content\/uploads\/2025\/06\/IMG_20250529_161512-150x150.jpg",150,150,true],"medium":["https:\/\/www.zsmasaryk.cz\/wp-content\/uploads\/2025\/06\/IMG_20250529_161512-300x300.jpg",300,300,true],"large":["https:\/\/www.zsmasaryk.cz\/wp-content\/uploads\/2025\/06\/IMG_20250529_161512-1024x1024.jpg",1024,1024,true],"event-post-thumb":["https:\/\/www.zsmasaryk.cz\/wp-content\/uploads\/2025\/06\/IMG_20250529_161512-630x300.jpg",630,300,true],"event-post-thumb-box":["https:\/\/www.zsmasaryk.cz\/wp-content\/uploads\/2025\/06\/IMG_20250529_161512-300x240.jpg",300,240,true],"1536x1536":["https:\/\/www.zsmasaryk.cz\/wp-content\/uploads\/2025\/06\/IMG_20250529_161512-1536x1536.jpg",1536,1536,true],"2048x2048":["https:\/\/www.zsmasaryk.cz\/wp-content\/uploads\/2025\/06\/IMG_20250529_161512-2048x2048.jpg",2048,2048,true],"team-thumb-admin":["https:\/\/www.zsmasaryk.cz\/wp-content\/uploads\/2025\/06\/IMG_20250529_161512-100x100.jpg",100,100,true],"team-230":["https:\/\/www.zsmasaryk.cz\/wp-content\/uploads\/2025\/06\/IMG_20250529_161512-230x230.jpg",230,230,true]},"rttpg_author":{"display_name":"admin","author_link":"https:\/\/www.zsmasaryk.cz\/index.php\/author\/admin\/"},"rttpg_comment":0,"rttpg_category":"<a href=\"https:\/\/www.zsmasaryk.cz\/index.php\/category\/akce\/\" rel=\"category tag\">Akce \u0161koly<\/a> <a href=\"https:\/\/www.zsmasaryk.cz\/index.php\/category\/aktuality\/\" rel=\"category tag\">Aktuality<\/a>","rttpg_excerpt":"Ve dnech 28. 5. 2025 a\u017e 30.5.2025 se uskute\u010dnil turistick\u00fd kurz \u017e\u00e1k\u016f 5. t\u0159\u00eddy, tentokr\u00e1t v kr\u00e1sn\u00e9m prost\u0159ed\u00ed Beskyd. V\u0161ichni jsme se ob\u00e1vali, jak v\u0161e dopadne, proto\u017ee p\u0159edpov\u011b\u010f po\u010das\u00ed nebyla zrovna pro takovou akci p\u0159\u00edzniv\u00e1. A jak to nakonec dopadlo? To se m\u016f\u017eete do\u010d\u00edst v \u010dl\u00e1nku, kter\u00fd o sv\u00e9m kurzu napsali sami \u017e\u00e1ci \u2013 jak&hellip;","_links":{"self":[{"href":"https:\/\/www.zsmasaryk.cz\/index.php\/wp-json\/wp\/v2\/posts\/14005","targetHints":{"allow":["GET"]}}],"collection":[{"href":"https:\/\/www.zsmasaryk.cz\/index.php\/wp-json\/wp\/v2\/posts"}],"about":[{"href":"https:\/\/www.zsmasaryk.cz\/index.php\/wp-json\/wp\/v2\/types\/post"}],"author":[{"embeddable":true,"href":"https:\/\/www.zsmasaryk.cz\/index.php\/wp-json\/wp\/v2\/users\/2"}],"replies":[{"embeddable":true,"href":"https:\/\/www.zsmasaryk.cz\/index.php\/wp-json\/wp\/v2\/comments?post=14005"}],"version-history":[{"count":4,"href":"https:\/\/www.zsmasaryk.cz\/index.php\/wp-json\/wp\/v2\/posts\/14005\/revisions"}],"predecessor-version":[{"id":14018,"href":"https:\/\/www.zsmasaryk.cz\/index.php\/wp-json\/wp\/v2\/posts\/14005\/revisions\/14018"}],"wp:featuredmedia":[{"embeddable":true,"href":"https:\/\/www.zsmasaryk.cz\/index.php\/wp-json\/wp\/v2\/media\/14007"}],"wp:attachment":[{"href":"https:\/\/www.zsmasaryk.cz\/index.php\/wp-json\/wp\/v2\/media?parent=14005"}],"wp:term":[{"taxonomy":"category","embeddable":true,"href":"https:\/\/www.zsmasaryk.cz\/index.php\/wp-json\/wp\/v2\/categories?post=14005"},{"taxonomy":"post_tag","embeddable":true,"href":"https:\/\/www.zsmasaryk.cz\/index.php\/wp-json\/wp\/v2\/tags?post=14005"}],"curies":[{"name":"wp","href":"https:\/\/api.w.org\/{rel}","templated":true}]}}