{"id":14129,"date":"2025-06-22T19:52:43","date_gmt":"2025-06-22T19:52:43","guid":{"rendered":"https:\/\/www.zsmasaryk.cz\/?p=14129"},"modified":"2025-06-22T19:59:20","modified_gmt":"2025-06-22T19:59:20","slug":"czech-para-open-2025","status":"publish","type":"post","link":"https:\/\/www.zsmasaryk.cz\/index.php\/2025\/06\/22\/czech-para-open-2025\/","title":{"rendered":"CZECH PARA OPEN 2025"},"content":{"rendered":"\n<p>Jako v&nbsp;letech minul\u00fdch, tak i letos jsme se ji\u017e po\u0161est\u00e9 z\u00fa\u010dastnili jako podava\u010di m\u00ed\u010dk\u016f na mezin\u00e1rodn\u00edm turnaji pro posti\u017een\u00e9 stoln\u00ed tenisty Czech Para Open 2025, kter\u00fd se konal od 19. 6. 2025 do 21. 6. 2025. Turnaje se z\u00fa\u010dastnili \u017e\u00e1ci 2. stupn\u011b, mnoz\u00ed osm\u00e1ci a dev\u00e1\u0165\u00e1ci ji\u017e pon\u011bkolik\u00e1t\u00e9. Mo\u017en\u00e1 je to p\u0159ekvapiv\u00e9, ale organizaci turnaje si bez podava\u010d\u016f m\u00ed\u010dk\u016f nelze v\u016fbec p\u0159edstavit. A\u0165 u\u017e se jednalo o dvouhru nebo \u010dty\u0159hru, podava\u010di zaji\u0161\u0165uj\u00ed plynul\u00fd pr\u016fb\u011bh z\u00e1pasu, zvedaj\u00ed a pod\u00e1vaj\u00ed spadl\u00e9 m\u00ed\u010dky jednotliv\u00fdm hr\u00e1\u010d\u016fm, n\u011bkdy tak\u00e9 pom\u00e1haj\u00ed hr\u00e1\u010d\u016fm na voz\u00ed\u010dku s&nbsp;jejich pohybem okolo hrac\u00edho stolu.<\/p>\n\n\n\n<p>Akce se z\u00fa\u010dastnilo p\u0159es 60 na\u0161ich \u017e\u00e1k\u016f. Ka\u017ed\u00fd \u017e\u00e1k obdr\u017eel turnajov\u00e9 tri\u010dko, kter\u00e9 ke zklam\u00e1n\u00ed n\u011bkter\u00fdch d\u011bv\u010dat nebylo r\u016f\u017eov\u00e9, ale tento rok m\u011blo barvu fialovou. S&nbsp;\u017e\u00e1ky se turnaje v\u017edy z\u00fa\u010dastnili vybran\u00ed u\u010ditel\u00e9 na\u0161\u00ed \u0161koly.<\/p>\n\n\n\n<p>Aktivn\u00ed \u00fa\u010dast ve h\u0159e p\u0159inesla \u017e\u00e1k\u016fm nejen mnoho z\u00e1\u017eitk\u016f, ale tak\u00e9 setk\u00e1n\u00ed se sportovci z&nbsp;r\u016fzn\u00fdch kout\u016f sv\u011bta, mimo \u010cesk\u00e9 republiky nap\u0159\u00edklad z Finska, Ma\u010farska, Koreje, N\u011bmecka nebo Polska, mezi nimi\u017e byli mnoz\u00ed&nbsp;paraolympionici a medailist\u00e9. Nechyb\u011bly ani rozhovory s&nbsp;porotci nebo hr\u00e1\u010di v&nbsp;angli\u010dtin\u011b, ve kter\u00fdch mohli \u017e\u00e1ci z\u00faro\u010dit sv\u00e9 znalosti tohoto univerz\u00e1ln\u00edho jazyka. Ale hlavn\u011b jim tento turnaj op\u011bt uk\u00e1zal jedine\u010dn\u00fd pohled na \u010dlov\u011bka s&nbsp;handicapem, kter\u00fd i p\u0159es sv\u00e9 posti\u017een\u00ed dok\u00e1\u017ee \u017e\u00edt plnohodnotn\u00fd a \u010dasto velmi intenzivn\u00ed \u017eivot. Z\u00e1rove\u0148 si tak\u00e9 v\u0161ichni, a to nejen \u017e\u00e1ci, ale tak\u00e9 u\u010ditel\u00e9, mohli uv\u011bdomit a p\u0159ipomenout, jak\u00e9 benefity n\u00e1m v\u0161em p\u0159in\u00e1\u0161\u00ed \u017eivot bez omezen\u00ed.<\/p>\n\n\n\n<p>Jeliko\u017e jsem se t\u00e9to akce, stejn\u011b jako v&nbsp;minul\u00e9m roce, osobn\u011b z\u00fa\u010dastnila, mohu s jistotou \u0159\u00edci, \u017ee tato akce m\u011bla pro v\u0161echny z&nbsp;n\u00e1s hlub\u0161\u00ed smysl. T\u00edmto bych cht\u011bla pod\u011bkovat v\u0161em sv\u00fdm \u017e\u00e1k\u016fm, kte\u0159\u00ed se turnaje z\u00fa\u010dastnili, stejn\u011b tak jako m\u00fdm u\u010ditel\u016fm, kte\u0159\u00ed m\u011b v&nbsp;organizaci t\u00e9to akce podporuj\u00ed.<\/p>\n\n\n\n<p class=\"has-text-align-right\">Mgr. Martina Pelik\u00e1nov\u00e1<\/p>\n\n\n\n<p><\/p>\n","protected":false},"excerpt":{"rendered":"<p>Jako v&nbsp;letech minul\u00fdch, tak i letos jsme se ji\u017e po\u0161est\u00e9 z\u00fa\u010dastnili jako podava\u010di m\u00ed\u010dk\u016f na mezin\u00e1rodn\u00edm turnaji pro posti\u017een\u00e9 stoln\u00ed tenisty Czech Para Open 2025, kter\u00fd se konal od 19. 6. 2025 do 21. 6. 2025. Turnaje se z\u00fa\u010dastnili \u017e\u00e1ci 2. stupn\u011b, mnoz\u00ed osm\u00e1ci a dev\u00e1\u0165\u00e1ci ji\u017e pon\u011bkolik\u00e1t\u00e9. Mo\u017en\u00e1 je to p\u0159ekvapiv\u00e9, ale organizaci turnaje si bez podava\u010d\u016f m\u00ed\u010dk\u016f nelze v\u016fbec p\u0159edstavit. A\u0165 u\u017e se jednalo o dvouhru nebo \u010dty\u0159hru, podava\u010di zaji\u0161\u0165uj\u00ed plynul\u00fd pr\u016fb\u011bh z\u00e1pasu, zvedaj\u00ed a pod\u00e1vaj\u00ed spadl\u00e9 m\u00ed\u010dky jednotliv\u00fdm hr\u00e1\u010d\u016fm, n\u011bkdy tak\u00e9 pom\u00e1haj\u00ed hr\u00e1\u010d\u016fm na voz\u00ed\u010dku s&nbsp;jejich pohybem okolo hrac\u00edho stolu. Akce se z\u00fa\u010dastnilo p\u0159es 60 na\u0161ich \u017e\u00e1k\u016f. Ka\u017ed\u00fd \u017e\u00e1k obdr\u017eel turnajov\u00e9 tri\u010dko, kter\u00e9 ke zklam\u00e1n\u00ed n\u011bkter\u00fdch d\u011bv\u010dat nebylo r\u016f\u017eov\u00e9, ale tento rok m\u011blo barvu fialovou. S&nbsp;\u017e\u00e1ky se turnaje v\u017edy z\u00fa\u010dastnili vybran\u00ed u\u010ditel\u00e9 na\u0161\u00ed \u0161koly. Aktivn\u00ed \u00fa\u010dast ve h\u0159e p\u0159inesla \u017e\u00e1k\u016fm nejen mnoho z\u00e1\u017eitk\u016f, ale tak\u00e9 setk\u00e1n\u00ed se sportovci z&nbsp;r\u016fzn\u00fdch kout\u016f sv\u011bta, mimo \u010cesk\u00e9 republiky nap\u0159\u00edklad z Finska, Ma\u010farska, Koreje, N\u011bmecka nebo Polska, mezi nimi\u017e byli mnoz\u00ed&nbsp;paraolympionici a medailist\u00e9. Nechyb\u011bly ani rozhovory s&nbsp;porotci nebo hr\u00e1\u010di v&nbsp;angli\u010dtin\u011b, ve kter\u00fdch mohli \u017e\u00e1ci z\u00faro\u010dit sv\u00e9 znalosti tohoto univerz\u00e1ln\u00edho jazyka. Ale hlavn\u011b jim tento turnaj op\u011bt uk\u00e1zal jedine\u010dn\u00fd pohled na \u010dlov\u011bka s&nbsp;handicapem, kter\u00fd i p\u0159es sv\u00e9 posti\u017een\u00ed dok\u00e1\u017ee \u017e\u00edt plnohodnotn\u00fd a \u010dasto velmi intenzivn\u00ed \u017eivot. Z\u00e1rove\u0148 si tak\u00e9 v\u0161ichni, a to nejen \u017e\u00e1ci, ale tak\u00e9 u\u010ditel\u00e9, mohli uv\u011bdomit a p\u0159ipomenout, jak\u00e9 benefity n\u00e1m v\u0161em p\u0159in\u00e1\u0161\u00ed \u017eivot bez omezen\u00ed. Jeliko\u017e jsem se t\u00e9to akce, stejn\u011b jako v&nbsp;minul\u00e9m roce, osobn\u011b z\u00fa\u010dastnila, mohu s jistotou \u0159\u00edci, \u017ee tato akce m\u011bla pro v\u0161echny z&nbsp;n\u00e1s hlub\u0161\u00ed smysl. T\u00edmto bych cht\u011bla pod\u011bkovat v\u0161em sv\u00fdm \u017e\u00e1k\u016fm, kte\u0159\u00ed se turnaje z\u00fa\u010dastnili, stejn\u011b tak jako m\u00fdm u\u010ditel\u016fm, kte\u0159\u00ed m\u011b v&nbsp;organizaci t\u00e9to akce podporuj\u00ed. Mgr. Martina Pelik\u00e1nov\u00e1<\/p>\n","protected":false},"author":2,"featured_media":14132,"comment_status":"closed","ping_status":"closed","sticky":false,"template":"","format":"standard","meta":{"footnotes":""},"categories":[17,16],"tags":[],"class_list":["post-14129","post","type-post","status-publish","format-standard","has-post-thumbnail","hentry","category-akce","category-aktuality"],"rttpg_featured_image_url":{"full":["https:\/\/www.zsmasaryk.cz\/wp-content\/uploads\/2025\/06\/1750521687026-1-scaled.jpg",2560,2560,false],"landscape":["https:\/\/www.zsmasaryk.cz\/wp-content\/uploads\/2025\/06\/1750521687026-1-scaled.jpg",2560,2560,false],"portraits":["https:\/\/www.zsmasaryk.cz\/wp-content\/uploads\/2025\/06\/1750521687026-1-scaled.jpg",2560,2560,false],"thumbnail":["https:\/\/www.zsmasaryk.cz\/wp-content\/uploads\/2025\/06\/1750521687026-1-150x150.jpg",150,150,true],"medium":["https:\/\/www.zsmasaryk.cz\/wp-content\/uploads\/2025\/06\/1750521687026-1-300x300.jpg",300,300,true],"large":["https:\/\/www.zsmasaryk.cz\/wp-content\/uploads\/2025\/06\/1750521687026-1-1024x1024.jpg",1024,1024,true],"event-post-thumb":["https:\/\/www.zsmasaryk.cz\/wp-content\/uploads\/2025\/06\/1750521687026-1-630x300.jpg",630,300,true],"event-post-thumb-box":["https:\/\/www.zsmasaryk.cz\/wp-content\/uploads\/2025\/06\/1750521687026-1-300x240.jpg",300,240,true],"1536x1536":["https:\/\/www.zsmasaryk.cz\/wp-content\/uploads\/2025\/06\/1750521687026-1-1536x1536.jpg",1536,1536,true],"2048x2048":["https:\/\/www.zsmasaryk.cz\/wp-content\/uploads\/2025\/06\/1750521687026-1-2048x2048.jpg",2048,2048,true],"team-thumb-admin":["https:\/\/www.zsmasaryk.cz\/wp-content\/uploads\/2025\/06\/1750521687026-1-100x101.jpg",100,101,true],"team-230":["https:\/\/www.zsmasaryk.cz\/wp-content\/uploads\/2025\/06\/1750521687026-1-230x232.jpg",230,232,true]},"rttpg_author":{"display_name":"admin","author_link":"https:\/\/www.zsmasaryk.cz\/index.php\/author\/admin\/"},"rttpg_comment":0,"rttpg_category":"<a href=\"https:\/\/www.zsmasaryk.cz\/index.php\/category\/akce\/\" rel=\"category tag\">Akce \u0161koly<\/a> <a href=\"https:\/\/www.zsmasaryk.cz\/index.php\/category\/aktuality\/\" rel=\"category tag\">Aktuality<\/a>","rttpg_excerpt":"Jako v&nbsp;letech minul\u00fdch, tak i letos jsme se ji\u017e po\u0161est\u00e9 z\u00fa\u010dastnili jako podava\u010di m\u00ed\u010dk\u016f na mezin\u00e1rodn\u00edm turnaji pro posti\u017een\u00e9 stoln\u00ed tenisty Czech Para Open 2025, kter\u00fd se konal od 19. 6. 2025 do 21. 6. 2025. Turnaje se z\u00fa\u010dastnili \u017e\u00e1ci 2. stupn\u011b, mnoz\u00ed osm\u00e1ci a dev\u00e1\u0165\u00e1ci ji\u017e pon\u011bkolik\u00e1t\u00e9. Mo\u017en\u00e1 je to p\u0159ekvapiv\u00e9, ale organizaci turnaje&hellip;","_links":{"self":[{"href":"https:\/\/www.zsmasaryk.cz\/index.php\/wp-json\/wp\/v2\/posts\/14129","targetHints":{"allow":["GET"]}}],"collection":[{"href":"https:\/\/www.zsmasaryk.cz\/index.php\/wp-json\/wp\/v2\/posts"}],"about":[{"href":"https:\/\/www.zsmasaryk.cz\/index.php\/wp-json\/wp\/v2\/types\/post"}],"author":[{"embeddable":true,"href":"https:\/\/www.zsmasaryk.cz\/index.php\/wp-json\/wp\/v2\/users\/2"}],"replies":[{"embeddable":true,"href":"https:\/\/www.zsmasaryk.cz\/index.php\/wp-json\/wp\/v2\/comments?post=14129"}],"version-history":[{"count":1,"href":"https:\/\/www.zsmasaryk.cz\/index.php\/wp-json\/wp\/v2\/posts\/14129\/revisions"}],"predecessor-version":[{"id":14130,"href":"https:\/\/www.zsmasaryk.cz\/index.php\/wp-json\/wp\/v2\/posts\/14129\/revisions\/14130"}],"wp:featuredmedia":[{"embeddable":true,"href":"https:\/\/www.zsmasaryk.cz\/index.php\/wp-json\/wp\/v2\/media\/14132"}],"wp:attachment":[{"href":"https:\/\/www.zsmasaryk.cz\/index.php\/wp-json\/wp\/v2\/media?parent=14129"}],"wp:term":[{"taxonomy":"category","embeddable":true,"href":"https:\/\/www.zsmasaryk.cz\/index.php\/wp-json\/wp\/v2\/categories?post=14129"},{"taxonomy":"post_tag","embeddable":true,"href":"https:\/\/www.zsmasaryk.cz\/index.php\/wp-json\/wp\/v2\/tags?post=14129"}],"curies":[{"name":"wp","href":"https:\/\/api.w.org\/{rel}","templated":true}]}}