{"id":14468,"date":"2025-10-02T16:38:29","date_gmt":"2025-10-02T16:38:29","guid":{"rendered":"https:\/\/www.zsmasaryk.cz\/?p=14468"},"modified":"2025-10-02T16:44:23","modified_gmt":"2025-10-02T16:44:23","slug":"evropsky-den-jazyku-2025","status":"publish","type":"post","link":"https:\/\/www.zsmasaryk.cz\/index.php\/2025\/10\/02\/evropsky-den-jazyku-2025\/","title":{"rendered":"EVROPSK\u00dd DEN JAZYK\u016e 2025"},"content":{"rendered":"\n<p><strong>Jazykov\u00fd level-up: v\u00edc \u0159e\u010d\u00ed, v\u00edc z\u00e1\u017eitk\u016f, v\u00edc cool \u0161kola<\/strong><strong><\/strong><\/p>\n\n\n\n<p>Jedn\u00edm z projektov\u00fdch dn\u016f, do kter\u00e9ho se \u017e\u00e1ci na\u0161\u00ed \u0161koly r\u00e1di aktivn\u011b zapojuj\u00ed, pat\u0159\u00ed oslava Evropsk\u00e9ho dne jazyk\u016f, kter\u00e1 letos prob\u011bhla v p\u00e1tek 26. z\u00e1\u0159\u00ed 2025, kdy \u0161koln\u00ed chodbu zaplnili dobrovoln\u00edci z \u0159ad \u017e\u00e1k\u016f 2. stupn\u011b se sv\u00fdmi stanovi\u0161ti, na kter\u00fdch p\u0159edstavovali jednotliv\u00e9 jazyky i zem\u011bpisn\u00e9 oblasti, ve kter\u00fdch se jimi mluv\u00ed.<\/p>\n\n\n\n<p>V pr\u016fb\u011bhu p\u0159est\u00e1vek ostatn\u00ed \u017e\u00e1ci plnili nejr\u016fzn\u011bj\u0161\u00ed aktivity, nap\u0159. pexesa, spojova\u010dky, pozn\u00e1va\u010dky, v\u011bdomostn\u00ed kv\u00edzy, jazykov\u00e9 testy, p\u0159eklady, dopl\u0148ov\u00e1n\u00ed slov do textu, k\u0159\u00ed\u017eovky ve vybran\u00fdch jazyc\u00edch. Krom\u011b jazyk\u016f, kter\u00e9 se ve \u0161kole vyu\u010duj\u00ed, tj. angli\u010dtinu, n\u011bm\u010dinu i \u010de\u0161tinu, prezentovali \u017e\u00e1ci sv\u00fdm spolu\u017e\u00e1k\u016fm i pol\u0161tinu, francouz\u0161tinu, korej\u0161tinu, japon\u0161tinu, ital\u0161tinu a mluvu n\u00e1ctilet\u00fdch. Ji\u017e tradi\u010dn\u011b mohly d\u011bti za spln\u011bn\u00fd \u00fakol ochutnat tak\u00e9 tradi\u010dn\u00ed dobroty, kter\u00e9 jsou typick\u00e9 pro jednotliv\u00e9 jazykov\u00e9 oblasti. Tak\u017ee si pochutnali na sushi, z\u00e1zvorov\u00fdch bonbonech, \u010desk\u00fdch posv\u00edcensk\u00fdch kol\u00e1\u010dc\u00edch, medovn\u00ed\u010dk\u00e1ch, tiramisu, croissantech, \u0161v\u00fdcarsk\u00e9 \u010dokol\u00e1d\u011b, brownies a jin\u00fdch specialit\u00e1ch.<\/p>\n\n\n\n<p>D\u011bkujeme v\u0161em nad\u0161enc\u016fm, kte\u0159\u00ed pro sv\u00e9 spolu\u017e\u00e1ky i pedagogy p\u0159ichystali kr\u00e1sn\u00e9 zaj\u00edmav\u00e9 dopoledne. Prob\u011bhlo za velk\u00e9ho nad\u0161en\u00ed a z\u00e1jmu v\u0161ech z\u00fa\u010dastn\u011bn\u00fdch. Nav\u00edc potvrdilo, \u017ee mezi \u017e\u00e1ky je st\u00e1le popul\u00e1rn\u00ed p\u0159\u00edslov\u00ed \u201eKolik \u0159e\u010d\u00ed zn\u00e1\u0161, tolikr\u00e1t jsi \u010dlov\u011bkem.\u201c, tedy \u0159e\u010deno mluvou n\u00e1ctilet\u00fdch: \u201eJazykovej skill? \u010c\u00edm v\u00edc, t\u00edm v\u00edc se\u0161 king.\u201c<strong><\/strong><\/p>\n\n\n\n<p class=\"has-text-align-right\">spokojen\u00ed organiz\u00e1to\u0159i z \u0159ad u\u010ditel\u016f jazyk\u016f <\/p>\n\n\n\n<p class=\"has-text-align-center\"><a href=\"https:\/\/www.rajce.idnes.cz\/bawaja\/album\/den-jazyku-2025\" target=\"_blank\" rel=\"noreferrer noopener\">FOTOGALERIE<\/a><\/p>\n","protected":false},"excerpt":{"rendered":"<p>Jazykov\u00fd level-up: v\u00edc \u0159e\u010d\u00ed, v\u00edc z\u00e1\u017eitk\u016f, v\u00edc cool \u0161kola Jedn\u00edm z projektov\u00fdch dn\u016f, do kter\u00e9ho se \u017e\u00e1ci na\u0161\u00ed \u0161koly r\u00e1di aktivn\u011b zapojuj\u00ed, pat\u0159\u00ed oslava Evropsk\u00e9ho dne jazyk\u016f, kter\u00e1 letos prob\u011bhla v p\u00e1tek 26. z\u00e1\u0159\u00ed 2025, kdy \u0161koln\u00ed chodbu zaplnili dobrovoln\u00edci z \u0159ad \u017e\u00e1k\u016f 2. stupn\u011b se sv\u00fdmi stanovi\u0161ti, na kter\u00fdch p\u0159edstavovali jednotliv\u00e9 jazyky i zem\u011bpisn\u00e9 oblasti, ve kter\u00fdch se jimi mluv\u00ed. V pr\u016fb\u011bhu p\u0159est\u00e1vek ostatn\u00ed \u017e\u00e1ci plnili nejr\u016fzn\u011bj\u0161\u00ed aktivity, nap\u0159. pexesa, spojova\u010dky, pozn\u00e1va\u010dky, v\u011bdomostn\u00ed kv\u00edzy, jazykov\u00e9 testy, p\u0159eklady, dopl\u0148ov\u00e1n\u00ed slov do textu, k\u0159\u00ed\u017eovky ve vybran\u00fdch jazyc\u00edch. Krom\u011b jazyk\u016f, kter\u00e9 se ve \u0161kole vyu\u010duj\u00ed, tj. angli\u010dtinu, n\u011bm\u010dinu i \u010de\u0161tinu, prezentovali \u017e\u00e1ci sv\u00fdm spolu\u017e\u00e1k\u016fm i pol\u0161tinu, francouz\u0161tinu, korej\u0161tinu, japon\u0161tinu, ital\u0161tinu a mluvu n\u00e1ctilet\u00fdch. Ji\u017e tradi\u010dn\u011b mohly d\u011bti za spln\u011bn\u00fd \u00fakol ochutnat tak\u00e9 tradi\u010dn\u00ed dobroty, kter\u00e9 jsou typick\u00e9 pro jednotliv\u00e9 jazykov\u00e9 oblasti. Tak\u017ee si pochutnali na sushi, z\u00e1zvorov\u00fdch bonbonech, \u010desk\u00fdch posv\u00edcensk\u00fdch kol\u00e1\u010dc\u00edch, medovn\u00ed\u010dk\u00e1ch, tiramisu, croissantech, \u0161v\u00fdcarsk\u00e9 \u010dokol\u00e1d\u011b, brownies a jin\u00fdch specialit\u00e1ch. D\u011bkujeme v\u0161em nad\u0161enc\u016fm, kte\u0159\u00ed pro sv\u00e9 spolu\u017e\u00e1ky i pedagogy p\u0159ichystali kr\u00e1sn\u00e9 zaj\u00edmav\u00e9 dopoledne. Prob\u011bhlo za velk\u00e9ho nad\u0161en\u00ed a z\u00e1jmu v\u0161ech z\u00fa\u010dastn\u011bn\u00fdch. Nav\u00edc potvrdilo, \u017ee mezi \u017e\u00e1ky je st\u00e1le popul\u00e1rn\u00ed p\u0159\u00edslov\u00ed \u201eKolik \u0159e\u010d\u00ed zn\u00e1\u0161, tolikr\u00e1t jsi \u010dlov\u011bkem.\u201c, tedy \u0159e\u010deno mluvou n\u00e1ctilet\u00fdch: \u201eJazykovej skill? \u010c\u00edm v\u00edc, t\u00edm v\u00edc se\u0161 king.\u201c spokojen\u00ed organiz\u00e1to\u0159i z \u0159ad u\u010ditel\u016f jazyk\u016f FOTOGALERIE<\/p>\n","protected":false},"author":2,"featured_media":14470,"comment_status":"closed","ping_status":"closed","sticky":false,"template":"","format":"standard","meta":{"footnotes":""},"categories":[17,16],"tags":[],"class_list":["post-14468","post","type-post","status-publish","format-standard","has-post-thumbnail","hentry","category-akce","category-aktuality"],"rttpg_featured_image_url":{"full":["https:\/\/www.zsmasaryk.cz\/wp-content\/uploads\/2025\/10\/stazeny-soubor-13.jpg",621,828,false],"landscape":["https:\/\/www.zsmasaryk.cz\/wp-content\/uploads\/2025\/10\/stazeny-soubor-13.jpg",621,828,false],"portraits":["https:\/\/www.zsmasaryk.cz\/wp-content\/uploads\/2025\/10\/stazeny-soubor-13.jpg",621,828,false],"thumbnail":["https:\/\/www.zsmasaryk.cz\/wp-content\/uploads\/2025\/10\/stazeny-soubor-13-150x150.jpg",150,150,true],"medium":["https:\/\/www.zsmasaryk.cz\/wp-content\/uploads\/2025\/10\/stazeny-soubor-13-300x300.jpg",300,300,true],"large":["https:\/\/www.zsmasaryk.cz\/wp-content\/uploads\/2025\/10\/stazeny-soubor-13-1024x1024.jpg",1024,1024,true],"event-post-thumb":["https:\/\/www.zsmasaryk.cz\/wp-content\/uploads\/2025\/10\/stazeny-soubor-13-630x300.jpg",630,300,true],"event-post-thumb-box":["https:\/\/www.zsmasaryk.cz\/wp-content\/uploads\/2025\/10\/stazeny-soubor-13-300x240.jpg",300,240,true],"1536x1536":["https:\/\/www.zsmasaryk.cz\/wp-content\/uploads\/2025\/10\/stazeny-soubor-13-1536x1536.jpg",1536,1536,true],"2048x2048":["https:\/\/www.zsmasaryk.cz\/wp-content\/uploads\/2025\/10\/stazeny-soubor-13-2048x2048.jpg",2048,2048,true],"team-thumb-admin":["https:\/\/www.zsmasaryk.cz\/wp-content\/uploads\/2025\/10\/stazeny-soubor-13-100x133.jpg",100,133,true],"team-230":["https:\/\/www.zsmasaryk.cz\/wp-content\/uploads\/2025\/10\/stazeny-soubor-13-230x306.jpg",230,306,true]},"rttpg_author":{"display_name":"admin","author_link":"https:\/\/www.zsmasaryk.cz\/index.php\/author\/admin\/"},"rttpg_comment":0,"rttpg_category":"<a href=\"https:\/\/www.zsmasaryk.cz\/index.php\/category\/akce\/\" rel=\"category tag\">Akce \u0161koly<\/a> <a href=\"https:\/\/www.zsmasaryk.cz\/index.php\/category\/aktuality\/\" rel=\"category tag\">Aktuality<\/a>","rttpg_excerpt":"Jazykov\u00fd level-up: v\u00edc \u0159e\u010d\u00ed, v\u00edc z\u00e1\u017eitk\u016f, v\u00edc cool \u0161kola Jedn\u00edm z projektov\u00fdch dn\u016f, do kter\u00e9ho se \u017e\u00e1ci na\u0161\u00ed \u0161koly r\u00e1di aktivn\u011b zapojuj\u00ed, pat\u0159\u00ed oslava Evropsk\u00e9ho dne jazyk\u016f, kter\u00e1 letos prob\u011bhla v p\u00e1tek 26. z\u00e1\u0159\u00ed 2025, kdy \u0161koln\u00ed chodbu zaplnili dobrovoln\u00edci z \u0159ad \u017e\u00e1k\u016f 2. stupn\u011b se sv\u00fdmi stanovi\u0161ti, na kter\u00fdch p\u0159edstavovali jednotliv\u00e9 jazyky i zem\u011bpisn\u00e9&hellip;","_links":{"self":[{"href":"https:\/\/www.zsmasaryk.cz\/index.php\/wp-json\/wp\/v2\/posts\/14468","targetHints":{"allow":["GET"]}}],"collection":[{"href":"https:\/\/www.zsmasaryk.cz\/index.php\/wp-json\/wp\/v2\/posts"}],"about":[{"href":"https:\/\/www.zsmasaryk.cz\/index.php\/wp-json\/wp\/v2\/types\/post"}],"author":[{"embeddable":true,"href":"https:\/\/www.zsmasaryk.cz\/index.php\/wp-json\/wp\/v2\/users\/2"}],"replies":[{"embeddable":true,"href":"https:\/\/www.zsmasaryk.cz\/index.php\/wp-json\/wp\/v2\/comments?post=14468"}],"version-history":[{"count":2,"href":"https:\/\/www.zsmasaryk.cz\/index.php\/wp-json\/wp\/v2\/posts\/14468\/revisions"}],"predecessor-version":[{"id":14472,"href":"https:\/\/www.zsmasaryk.cz\/index.php\/wp-json\/wp\/v2\/posts\/14468\/revisions\/14472"}],"wp:featuredmedia":[{"embeddable":true,"href":"https:\/\/www.zsmasaryk.cz\/index.php\/wp-json\/wp\/v2\/media\/14470"}],"wp:attachment":[{"href":"https:\/\/www.zsmasaryk.cz\/index.php\/wp-json\/wp\/v2\/media?parent=14468"}],"wp:term":[{"taxonomy":"category","embeddable":true,"href":"https:\/\/www.zsmasaryk.cz\/index.php\/wp-json\/wp\/v2\/categories?post=14468"},{"taxonomy":"post_tag","embeddable":true,"href":"https:\/\/www.zsmasaryk.cz\/index.php\/wp-json\/wp\/v2\/tags?post=14468"}],"curies":[{"name":"wp","href":"https:\/\/api.w.org\/{rel}","templated":true}]}}