{"id":14731,"date":"2026-01-09T10:50:20","date_gmt":"2026-01-09T10:50:20","guid":{"rendered":"https:\/\/www.zsmasaryk.cz\/?p=14731"},"modified":"2026-01-09T10:54:18","modified_gmt":"2026-01-09T10:54:18","slug":"canisterapie-v-9-a","status":"publish","type":"post","link":"https:\/\/www.zsmasaryk.cz\/index.php\/2026\/01\/09\/canisterapie-v-9-a\/","title":{"rendered":"CANISTERAPIE V 9. A"},"content":{"rendered":"\n<p>V\u00a0p\u0159edv\u00e1no\u010dn\u00edm \u010dase m\u011bla t\u0159\u00edda 9. A speci\u00e1ln\u00ed n\u00e1v\u0161t\u011bvu. V\u00a0minul\u00e9m \u0161koln\u00edm roce jsme nav\u00e1zali spolupr\u00e1ci s\u00a0Domem s\u00a0pe\u010dovatelskou slu\u017ebou ve Vratimov\u011b a jako pod\u011bkov\u00e1n\u00ed za lo\u0148sk\u00e9 aktivity domluvila koordin\u00e1torka a soci\u00e1ln\u00ed pracovnice tohoto domu pan\u00ed Lenka Machalcov\u00e1 na\u0161im d\u011btem speci\u00e1ln\u00ed hodinu canisterapie. Chovatelka a terapeutka Nad\u011b\u017eda Novotn\u00e1 p\u0159ivedla dva pejsky \u0160arlotku a Lucku a jednu ko\u010di\u010dku Dorotku. B\u011bhem pov\u00edd\u00e1n\u00ed o tom, co to vlastn\u011b canisterapie je a jak se m\u016f\u017ee st\u00e1t n\u011bjak\u00fd pes nebo ko\u010dka terapeutick\u00fdm zv\u00ed\u0159etem, mezi d\u011btmi pejsci pob\u00edhali a nechali se hladit a ko\u010dka Dorotka se uvelebila v\u017edy n\u011bkomu na kl\u00edn\u011b a spokojen\u011b vrn\u011bla. D\u011bti pro n\u011b m\u011bly p\u0159ipraveny i pamlsky, tak\u017ee pejsci p\u0159eb\u00edhali z\u00a0jedn\u00e9 strany na druhou, podle toho, odkud se ozvalo \u0161ust\u011bn\u00ed s\u00e1\u010dku\u2026 V\u0161ichni si hodinu u\u017eili a \u017e\u00e1ci by byli ur\u010dit\u011b moc r\u00e1di, kdyby si to mohli je\u0161t\u011b n\u011bkdy zopakovat.<\/p>\n\n\n\n<p class=\"has-text-align-center\"><strong><a href=\"https:\/\/www.rajce.idnes.cz\/bawaja\/album\/canisterapie\" target=\"_blank\" rel=\"noreferrer noopener\">FOTOGALERIE<\/a><\/strong><\/p>\n\n\n\n<p><\/p>\n","protected":false},"excerpt":{"rendered":"<p>V\u00a0p\u0159edv\u00e1no\u010dn\u00edm \u010dase m\u011bla t\u0159\u00edda 9. A speci\u00e1ln\u00ed n\u00e1v\u0161t\u011bvu. V\u00a0minul\u00e9m \u0161koln\u00edm roce jsme nav\u00e1zali spolupr\u00e1ci s\u00a0Domem s\u00a0pe\u010dovatelskou slu\u017ebou ve Vratimov\u011b a jako pod\u011bkov\u00e1n\u00ed za lo\u0148sk\u00e9 aktivity domluvila koordin\u00e1torka a soci\u00e1ln\u00ed pracovnice tohoto domu pan\u00ed Lenka Machalcov\u00e1 na\u0161im d\u011btem speci\u00e1ln\u00ed hodinu canisterapie. Chovatelka a terapeutka Nad\u011b\u017eda Novotn\u00e1 p\u0159ivedla dva pejsky \u0160arlotku a Lucku a jednu ko\u010di\u010dku Dorotku. B\u011bhem pov\u00edd\u00e1n\u00ed o tom, co to vlastn\u011b canisterapie je a jak se m\u016f\u017ee st\u00e1t n\u011bjak\u00fd pes nebo ko\u010dka terapeutick\u00fdm zv\u00ed\u0159etem, mezi d\u011btmi pejsci pob\u00edhali a nechali se hladit a ko\u010dka Dorotka se uvelebila v\u017edy n\u011bkomu na kl\u00edn\u011b a spokojen\u011b vrn\u011bla. D\u011bti pro n\u011b m\u011bly p\u0159ipraveny i pamlsky, tak\u017ee pejsci p\u0159eb\u00edhali z\u00a0jedn\u00e9 strany na druhou, podle toho, odkud se ozvalo \u0161ust\u011bn\u00ed s\u00e1\u010dku\u2026 V\u0161ichni si hodinu u\u017eili a \u017e\u00e1ci by byli ur\u010dit\u011b moc r\u00e1di, kdyby si to mohli je\u0161t\u011b n\u011bkdy zopakovat. FOTOGALERIE<\/p>\n","protected":false},"author":2,"featured_media":14735,"comment_status":"closed","ping_status":"closed","sticky":false,"template":"","format":"standard","meta":{"footnotes":""},"categories":[17,16],"tags":[],"class_list":["post-14731","post","type-post","status-publish","format-standard","has-post-thumbnail","hentry","category-akce","category-aktuality"],"rttpg_featured_image_url":{"full":["https:\/\/www.zsmasaryk.cz\/wp-content\/uploads\/2026\/01\/20251217_085114-scaled.jpg",2560,2560,false],"landscape":["https:\/\/www.zsmasaryk.cz\/wp-content\/uploads\/2026\/01\/20251217_085114-scaled.jpg",2560,2560,false],"portraits":["https:\/\/www.zsmasaryk.cz\/wp-content\/uploads\/2026\/01\/20251217_085114-scaled.jpg",2560,2560,false],"thumbnail":["https:\/\/www.zsmasaryk.cz\/wp-content\/uploads\/2026\/01\/20251217_085114-150x150.jpg",150,150,true],"medium":["https:\/\/www.zsmasaryk.cz\/wp-content\/uploads\/2026\/01\/20251217_085114-300x300.jpg",300,300,true],"large":["https:\/\/www.zsmasaryk.cz\/wp-content\/uploads\/2026\/01\/20251217_085114-1024x1024.jpg",1024,1024,true],"event-post-thumb":["https:\/\/www.zsmasaryk.cz\/wp-content\/uploads\/2026\/01\/20251217_085114-630x300.jpg",630,300,true],"event-post-thumb-box":["https:\/\/www.zsmasaryk.cz\/wp-content\/uploads\/2026\/01\/20251217_085114-300x240.jpg",300,240,true],"1536x1536":["https:\/\/www.zsmasaryk.cz\/wp-content\/uploads\/2026\/01\/20251217_085114-1536x1536.jpg",1536,1536,true],"2048x2048":["https:\/\/www.zsmasaryk.cz\/wp-content\/uploads\/2026\/01\/20251217_085114-2048x2048.jpg",2048,2048,true],"team-thumb-admin":["https:\/\/www.zsmasaryk.cz\/wp-content\/uploads\/2026\/01\/20251217_085114-100x177.jpg",100,177,true],"team-230":["https:\/\/www.zsmasaryk.cz\/wp-content\/uploads\/2026\/01\/20251217_085114-230x408.jpg",230,408,true]},"rttpg_author":{"display_name":"admin","author_link":"https:\/\/www.zsmasaryk.cz\/index.php\/author\/admin\/"},"rttpg_comment":0,"rttpg_category":"<a href=\"https:\/\/www.zsmasaryk.cz\/index.php\/category\/akce\/\" rel=\"category tag\">Akce \u0161koly<\/a> <a href=\"https:\/\/www.zsmasaryk.cz\/index.php\/category\/aktuality\/\" rel=\"category tag\">Aktuality<\/a>","rttpg_excerpt":"V\u00a0p\u0159edv\u00e1no\u010dn\u00edm \u010dase m\u011bla t\u0159\u00edda 9. A speci\u00e1ln\u00ed n\u00e1v\u0161t\u011bvu. V\u00a0minul\u00e9m \u0161koln\u00edm roce jsme nav\u00e1zali spolupr\u00e1ci s\u00a0Domem s\u00a0pe\u010dovatelskou slu\u017ebou ve Vratimov\u011b a jako pod\u011bkov\u00e1n\u00ed za lo\u0148sk\u00e9 aktivity domluvila koordin\u00e1torka a soci\u00e1ln\u00ed pracovnice tohoto domu pan\u00ed Lenka Machalcov\u00e1 na\u0161im d\u011btem speci\u00e1ln\u00ed hodinu canisterapie. Chovatelka a terapeutka Nad\u011b\u017eda Novotn\u00e1 p\u0159ivedla dva pejsky \u0160arlotku a Lucku a jednu ko\u010di\u010dku Dorotku.&hellip;","_links":{"self":[{"href":"https:\/\/www.zsmasaryk.cz\/index.php\/wp-json\/wp\/v2\/posts\/14731","targetHints":{"allow":["GET"]}}],"collection":[{"href":"https:\/\/www.zsmasaryk.cz\/index.php\/wp-json\/wp\/v2\/posts"}],"about":[{"href":"https:\/\/www.zsmasaryk.cz\/index.php\/wp-json\/wp\/v2\/types\/post"}],"author":[{"embeddable":true,"href":"https:\/\/www.zsmasaryk.cz\/index.php\/wp-json\/wp\/v2\/users\/2"}],"replies":[{"embeddable":true,"href":"https:\/\/www.zsmasaryk.cz\/index.php\/wp-json\/wp\/v2\/comments?post=14731"}],"version-history":[{"count":1,"href":"https:\/\/www.zsmasaryk.cz\/index.php\/wp-json\/wp\/v2\/posts\/14731\/revisions"}],"predecessor-version":[{"id":14732,"href":"https:\/\/www.zsmasaryk.cz\/index.php\/wp-json\/wp\/v2\/posts\/14731\/revisions\/14732"}],"wp:featuredmedia":[{"embeddable":true,"href":"https:\/\/www.zsmasaryk.cz\/index.php\/wp-json\/wp\/v2\/media\/14735"}],"wp:attachment":[{"href":"https:\/\/www.zsmasaryk.cz\/index.php\/wp-json\/wp\/v2\/media?parent=14731"}],"wp:term":[{"taxonomy":"category","embeddable":true,"href":"https:\/\/www.zsmasaryk.cz\/index.php\/wp-json\/wp\/v2\/categories?post=14731"},{"taxonomy":"post_tag","embeddable":true,"href":"https:\/\/www.zsmasaryk.cz\/index.php\/wp-json\/wp\/v2\/tags?post=14731"}],"curies":[{"name":"wp","href":"https:\/\/api.w.org\/{rel}","templated":true}]}}