{"id":14736,"date":"2026-01-09T10:57:53","date_gmt":"2026-01-09T10:57:53","guid":{"rendered":"https:\/\/www.zsmasaryk.cz\/?p=14736"},"modified":"2026-01-09T10:59:31","modified_gmt":"2026-01-09T10:59:31","slug":"viden-2025","status":"publish","type":"post","link":"https:\/\/www.zsmasaryk.cz\/index.php\/2026\/01\/09\/viden-2025\/","title":{"rendered":"V\u00cdDE\u0147 2025"},"content":{"rendered":"\n<p>V\u00a0posledn\u00edm v\u00e1no\u010dn\u00edm t\u00fddnu se uskute\u010dnil ji\u017e tradi\u010dn\u00ed zahrani\u010dn\u00ed v\u00fdjezd, kter\u00fd p\u0159ed V\u00e1nocemi po\u0159\u00e1d\u00e1me pro \u017e\u00e1ky 8. a 9. ro\u010dn\u00edku. Letos jsme vyrazili do hlavn\u00edho m\u011bsta Rakouska \u2013 kr\u00e1sn\u011b v\u00e1no\u010dn\u011b vyzdoben\u00e9 V\u00eddn\u011b. Na programu byla kr\u00e1tk\u00e1 proch\u00e1zka kolem chr\u00e1mu sv. \u0160t\u011bp\u00e1na, c\u00edsa\u0159sk\u00e9 hrobky, galerie Albertina nebo domu, kde pob\u00fdval b\u011bhem sv\u00fdch studi\u00ed Tom\u00e1\u0161 Garrigue Masaryk. N\u00e1sledoval o\u010dek\u00e1van\u00fd rozchod na v\u00e1no\u010dn\u00edch trz\u00edch v\u00a0okol\u00ed chr\u00e1mu sv. \u0160t\u011bp\u00e1na. Odpoledne n\u00e1s \u010dekala prohl\u00eddka Hofburgu, n\u011bkdej\u0161\u00edho s\u00eddla Habsburk\u016f. Nav\u0161t\u00edvili jsme prostory ob\u00fdvan\u00e9 c\u00edsa\u0159em Franti\u0161kem Josefem I. a jeho \u017eenou c\u00edsa\u0159ovnou Al\u017eb\u011btou, p\u0159ezd\u00edvanou Sissi, vybaven\u00e9 p\u016fvodn\u00edm n\u00e1bytkem.\u00a0 Sou\u010d\u00e1st\u00ed prohl\u00eddky bylo tak\u00e9 muzeum c\u00edsa\u0159ovny Sissi, kde jsme mohli obdivovat kr\u00e1sn\u00e9 \u0161aty, \u0161perky, obrazy, den\u00edky a dal\u0161\u00ed osobn\u00ed p\u0159edm\u011bty c\u00edsa\u0159ovny. Abychom si u\u017eili tak\u00e9 ve\u010dern\u00ed V\u00edde\u0148, m\u011bli je\u0161t\u011b p\u0159ed odjezdem kr\u00e1tk\u00fd rozchod na trz\u00edch u v\u00edde\u0148sk\u00e9 radnice. Ka\u017ed\u00fd str\u00e1vil volno jinak. N\u011bkdo obch\u00e1zel st\u00e1nky s\u00a0rukod\u011bln\u00fdmi v\u00fdrobky v\u0161eho druhu, n\u011bkdo hledal n\u011bco dobr\u00e9ho k\u00a0j\u00eddlu a n\u011bkte\u0159\u00ed vyzkou\u0161eli led na m\u00edstn\u00edm ve\u0159ejn\u00e9m kluzi\u0161ti. Dom\u016f jsme sice dorazili s\u00a0men\u0161\u00edm zpo\u017ed\u011bn\u00edm, proto\u017ee v\u00edde\u0148sk\u00e9 dopravn\u00ed z\u00e1cpy jsou ne\u00faprosn\u00e9, ale i tak v\u011b\u0159\u00edme, \u017ee si v\u00fdlet v\u0161ichni u\u017eili a budeme se t\u011b\u0161it na dal\u0161\u00ed adventn\u00ed v\u00fdjezd.<\/p>\n\n\n\n<p class=\"has-text-align-right\">Mgr. Irena Lipt\u00e1kov\u00e1<\/p>\n\n\n\n<p class=\"has-text-align-center\"><strong><a href=\"https:\/\/www.rajce.idnes.cz\/bawaja\/album\/viden-2026\" target=\"_blank\" rel=\"noreferrer noopener\">FOTOGALERIE<\/a><\/strong><\/p>\n\n\n\n<p><\/p>\n","protected":false},"excerpt":{"rendered":"<p>V\u00a0posledn\u00edm v\u00e1no\u010dn\u00edm t\u00fddnu se uskute\u010dnil ji\u017e tradi\u010dn\u00ed zahrani\u010dn\u00ed v\u00fdjezd, kter\u00fd p\u0159ed V\u00e1nocemi po\u0159\u00e1d\u00e1me pro \u017e\u00e1ky 8. a 9. ro\u010dn\u00edku. Letos jsme vyrazili do hlavn\u00edho m\u011bsta Rakouska \u2013 kr\u00e1sn\u011b v\u00e1no\u010dn\u011b vyzdoben\u00e9 V\u00eddn\u011b. Na programu byla kr\u00e1tk\u00e1 proch\u00e1zka kolem chr\u00e1mu sv. \u0160t\u011bp\u00e1na, c\u00edsa\u0159sk\u00e9 hrobky, galerie Albertina nebo domu, kde pob\u00fdval b\u011bhem sv\u00fdch studi\u00ed Tom\u00e1\u0161 Garrigue Masaryk. N\u00e1sledoval o\u010dek\u00e1van\u00fd rozchod na v\u00e1no\u010dn\u00edch trz\u00edch v\u00a0okol\u00ed chr\u00e1mu sv. \u0160t\u011bp\u00e1na. Odpoledne n\u00e1s \u010dekala prohl\u00eddka Hofburgu, n\u011bkdej\u0161\u00edho s\u00eddla Habsburk\u016f. Nav\u0161t\u00edvili jsme prostory ob\u00fdvan\u00e9 c\u00edsa\u0159em Franti\u0161kem Josefem I. a jeho \u017eenou c\u00edsa\u0159ovnou Al\u017eb\u011btou, p\u0159ezd\u00edvanou Sissi, vybaven\u00e9 p\u016fvodn\u00edm n\u00e1bytkem.\u00a0 Sou\u010d\u00e1st\u00ed prohl\u00eddky bylo tak\u00e9 muzeum c\u00edsa\u0159ovny Sissi, kde jsme mohli obdivovat kr\u00e1sn\u00e9 \u0161aty, \u0161perky, obrazy, den\u00edky a dal\u0161\u00ed osobn\u00ed p\u0159edm\u011bty c\u00edsa\u0159ovny. Abychom si u\u017eili tak\u00e9 ve\u010dern\u00ed V\u00edde\u0148, m\u011bli je\u0161t\u011b p\u0159ed odjezdem kr\u00e1tk\u00fd rozchod na trz\u00edch u v\u00edde\u0148sk\u00e9 radnice. Ka\u017ed\u00fd str\u00e1vil volno jinak. N\u011bkdo obch\u00e1zel st\u00e1nky s\u00a0rukod\u011bln\u00fdmi v\u00fdrobky v\u0161eho druhu, n\u011bkdo hledal n\u011bco dobr\u00e9ho k\u00a0j\u00eddlu a n\u011bkte\u0159\u00ed vyzkou\u0161eli led na m\u00edstn\u00edm ve\u0159ejn\u00e9m kluzi\u0161ti. Dom\u016f jsme sice dorazili s\u00a0men\u0161\u00edm zpo\u017ed\u011bn\u00edm, proto\u017ee v\u00edde\u0148sk\u00e9 dopravn\u00ed z\u00e1cpy jsou ne\u00faprosn\u00e9, ale i tak v\u011b\u0159\u00edme, \u017ee si v\u00fdlet v\u0161ichni u\u017eili a budeme se t\u011b\u0161it na dal\u0161\u00ed adventn\u00ed v\u00fdjezd. Mgr. Irena Lipt\u00e1kov\u00e1 FOTOGALERIE<\/p>\n","protected":false},"author":2,"featured_media":14733,"comment_status":"closed","ping_status":"closed","sticky":false,"template":"","format":"standard","meta":{"footnotes":""},"categories":[17,16],"tags":[],"class_list":["post-14736","post","type-post","status-publish","format-standard","has-post-thumbnail","hentry","category-akce","category-aktuality"],"rttpg_featured_image_url":{"full":["https:\/\/www.zsmasaryk.cz\/wp-content\/uploads\/2026\/01\/20251218_165637-scaled.jpg",2560,2560,false],"landscape":["https:\/\/www.zsmasaryk.cz\/wp-content\/uploads\/2026\/01\/20251218_165637-scaled.jpg",2560,2560,false],"portraits":["https:\/\/www.zsmasaryk.cz\/wp-content\/uploads\/2026\/01\/20251218_165637-scaled.jpg",2560,2560,false],"thumbnail":["https:\/\/www.zsmasaryk.cz\/wp-content\/uploads\/2026\/01\/20251218_165637-150x150.jpg",150,150,true],"medium":["https:\/\/www.zsmasaryk.cz\/wp-content\/uploads\/2026\/01\/20251218_165637-300x300.jpg",300,300,true],"large":["https:\/\/www.zsmasaryk.cz\/wp-content\/uploads\/2026\/01\/20251218_165637-1024x1024.jpg",1024,1024,true],"event-post-thumb":["https:\/\/www.zsmasaryk.cz\/wp-content\/uploads\/2026\/01\/20251218_165637-630x300.jpg",630,300,true],"event-post-thumb-box":["https:\/\/www.zsmasaryk.cz\/wp-content\/uploads\/2026\/01\/20251218_165637-300x240.jpg",300,240,true],"1536x1536":["https:\/\/www.zsmasaryk.cz\/wp-content\/uploads\/2026\/01\/20251218_165637-1536x1536.jpg",1536,1536,true],"2048x2048":["https:\/\/www.zsmasaryk.cz\/wp-content\/uploads\/2026\/01\/20251218_165637-2048x2048.jpg",2048,2048,true],"team-thumb-admin":["https:\/\/www.zsmasaryk.cz\/wp-content\/uploads\/2026\/01\/20251218_165637-100x56.jpg",100,56,true],"team-230":["https:\/\/www.zsmasaryk.cz\/wp-content\/uploads\/2026\/01\/20251218_165637-230x129.jpg",230,129,true]},"rttpg_author":{"display_name":"admin","author_link":"https:\/\/www.zsmasaryk.cz\/index.php\/author\/admin\/"},"rttpg_comment":0,"rttpg_category":"<a href=\"https:\/\/www.zsmasaryk.cz\/index.php\/category\/akce\/\" rel=\"category tag\">Akce \u0161koly<\/a> <a href=\"https:\/\/www.zsmasaryk.cz\/index.php\/category\/aktuality\/\" rel=\"category tag\">Aktuality<\/a>","rttpg_excerpt":"V\u00a0posledn\u00edm v\u00e1no\u010dn\u00edm t\u00fddnu se uskute\u010dnil ji\u017e tradi\u010dn\u00ed zahrani\u010dn\u00ed v\u00fdjezd, kter\u00fd p\u0159ed V\u00e1nocemi po\u0159\u00e1d\u00e1me pro \u017e\u00e1ky 8. a 9. ro\u010dn\u00edku. Letos jsme vyrazili do hlavn\u00edho m\u011bsta Rakouska \u2013 kr\u00e1sn\u011b v\u00e1no\u010dn\u011b vyzdoben\u00e9 V\u00eddn\u011b. Na programu byla kr\u00e1tk\u00e1 proch\u00e1zka kolem chr\u00e1mu sv. \u0160t\u011bp\u00e1na, c\u00edsa\u0159sk\u00e9 hrobky, galerie Albertina nebo domu, kde pob\u00fdval b\u011bhem sv\u00fdch studi\u00ed Tom\u00e1\u0161 Garrigue Masaryk. N\u00e1sledoval&hellip;","_links":{"self":[{"href":"https:\/\/www.zsmasaryk.cz\/index.php\/wp-json\/wp\/v2\/posts\/14736","targetHints":{"allow":["GET"]}}],"collection":[{"href":"https:\/\/www.zsmasaryk.cz\/index.php\/wp-json\/wp\/v2\/posts"}],"about":[{"href":"https:\/\/www.zsmasaryk.cz\/index.php\/wp-json\/wp\/v2\/types\/post"}],"author":[{"embeddable":true,"href":"https:\/\/www.zsmasaryk.cz\/index.php\/wp-json\/wp\/v2\/users\/2"}],"replies":[{"embeddable":true,"href":"https:\/\/www.zsmasaryk.cz\/index.php\/wp-json\/wp\/v2\/comments?post=14736"}],"version-history":[{"count":2,"href":"https:\/\/www.zsmasaryk.cz\/index.php\/wp-json\/wp\/v2\/posts\/14736\/revisions"}],"predecessor-version":[{"id":14739,"href":"https:\/\/www.zsmasaryk.cz\/index.php\/wp-json\/wp\/v2\/posts\/14736\/revisions\/14739"}],"wp:featuredmedia":[{"embeddable":true,"href":"https:\/\/www.zsmasaryk.cz\/index.php\/wp-json\/wp\/v2\/media\/14733"}],"wp:attachment":[{"href":"https:\/\/www.zsmasaryk.cz\/index.php\/wp-json\/wp\/v2\/media?parent=14736"}],"wp:term":[{"taxonomy":"category","embeddable":true,"href":"https:\/\/www.zsmasaryk.cz\/index.php\/wp-json\/wp\/v2\/categories?post=14736"},{"taxonomy":"post_tag","embeddable":true,"href":"https:\/\/www.zsmasaryk.cz\/index.php\/wp-json\/wp\/v2\/tags?post=14736"}],"curies":[{"name":"wp","href":"https:\/\/api.w.org\/{rel}","templated":true}]}}