{"id":14857,"date":"2026-03-12T08:34:43","date_gmt":"2026-03-12T08:34:43","guid":{"rendered":"https:\/\/www.zsmasaryk.cz\/?p=14857"},"modified":"2026-03-12T08:46:15","modified_gmt":"2026-03-12T08:46:15","slug":"valentynska-posta-2","status":"publish","type":"post","link":"https:\/\/www.zsmasaryk.cz\/index.php\/2026\/03\/12\/valentynska-posta-2\/","title":{"rendered":"VALENT\u00ddNSK\u00c1 PO\u0160TA"},"content":{"rendered":"\t\t<div data-elementor-type=\"wp-post\" data-elementor-id=\"14857\" class=\"elementor elementor-14857\">\n\t\t\t\t<div class=\"elementor-element elementor-element-bbc2b74 e-flex e-con-boxed e-con e-parent\" data-id=\"bbc2b74\" data-element_type=\"container\" data-e-type=\"container\">\n\t\t\t\t\t<div class=\"e-con-inner\">\n\t\t\t\t<div class=\"elementor-element elementor-element-30f1db84 elementor-widget elementor-widget-text-editor\" data-id=\"30f1db84\" data-element_type=\"widget\" data-e-type=\"widget\" data-widget_type=\"text-editor.default\">\n\t\t\t\t\t\t\t\t\t\n<p><strong>Valent\u00fdnsk\u00e1 po\u0161ta pot\u0159et\u00ed na na\u0161\u00ed \u0161kole<\/strong><\/p>\n\n\n\n<p>Na na\u0161\u00ed \u0161kole se letos ji\u017e pot\u0159et\u00ed konala obl\u00edben\u00e1 akce s n\u00e1zvem Valent\u00fdnsk\u00e1 po\u0161ta. \u017d\u00e1ci m\u011bli mo\u017enost pot\u011b\u0161it sv\u00e9 spolu\u017e\u00e1ky mil\u00fdm vzkazem nebo p\u0159\u00e1n\u00ed\u010dkem, kter\u00e9 mohli vhodit do p\u0159ipraven\u00e9 krabice um\u00edst\u011bn\u00e9 na stole u&nbsp;vchodu do \u0161koly.<\/p>\n\n\n\n<p>B\u011bhem n\u011bkolika dn\u00ed se krabice postupn\u011b zaplnila mnoha p\u0159\u00e1n\u00ed\u010dky a vzkazy. S jejich rozd\u00e1v\u00e1n\u00edm jsme v\u0161ak tentokr\u00e1t museli chv\u00edli po\u010dkat, proto\u017ee \u017e\u00e1ci sedm\u00fdch ro\u010dn\u00edk\u016f byli na ly\u017ea\u0159sk\u00e9m kurzu. Proto se valent\u00fdnsk\u00e1 po\u0161ta doru\u010dovala a\u017e v p\u00e1tek 27. \u00fanora 2026.<\/p>\n\n\n\n<p>Rozd\u00e1v\u00e1n\u00ed p\u0159\u00e1n\u00ed\u010dek se ujaly \u017e\u00e1kyn\u011b dev\u00e1t\u00e9ho ro\u010dn\u00edku, kter\u00e9 vzkazy roznesly do jednotliv\u00fdch t\u0159\u00edd. Mnoho \u017e\u00e1k\u016f bylo p\u0159\u00edjemn\u011b p\u0159ekvapeno a \u00fasm\u011bvy na jejich tv\u00e1\u0159\u00edch uk\u00e1zaly, \u017ee i mal\u00e9 p\u0159\u00e1n\u00ed\u010dko dok\u00e1\u017ee ud\u011blat velkou radost.<\/p>\n\n\n\n<p>Jsme r\u00e1di, \u017ee se tato mil\u00e1 tradice na na\u0161\u00ed \u0161kole udr\u017euje, a v\u011b\u0159\u00edme, \u017ee Valent\u00fdnsk\u00e1 po\u0161ta pot\u011b\u0161\u00ed \u017e\u00e1ky i v p\u0159\u00ed\u0161t\u00edch letech.<\/p>\n\n\n\n<p><\/p>\n\t\t\t\t\t\t\t\t<\/div>\n\t\t\t\t\t<\/div>\n\t\t\t\t<\/div>\n\t\t<div class=\"elementor-element elementor-element-beafa28 e-flex e-con-boxed e-con e-parent\" data-id=\"beafa28\" data-element_type=\"container\" data-e-type=\"container\">\n\t\t\t\t\t<div class=\"e-con-inner\">\n\t\t\t\t<div class=\"elementor-element elementor-element-d82002d elementor-widget elementor-widget-image-gallery\" data-id=\"d82002d\" data-element_type=\"widget\" data-e-type=\"widget\" data-widget_type=\"image-gallery.default\">\n\t\t\t\t\t\t\t<div class=\"elementor-image-gallery\">\n\t\t\t\n\t\t<style type=\"text\/css\">\n\t\t\t#gallery-1 {\n\t\t\t\tmargin: auto;\n\t\t\t}\n\t\t\t#gallery-1 .gallery-item {\n\t\t\t\tfloat: left;\n\t\t\t\tmargin-top: 10px;\n\t\t\t\ttext-align: center;\n\t\t\t\twidth: 50%;\n\t\t\t}\n\t\t\t#gallery-1 img {\n\t\t\t\tborder: 2px solid #cfcfcf;\n\t\t\t}\n\t\t\t#gallery-1 .gallery-caption {\n\t\t\t\tmargin-left: 0;\n\t\t\t}\n\t\t\t\/* see gallery_shortcode() in wp-includes\/media.php *\/\n\t\t<\/style>\n\t\t<div id='gallery-1' class='gallery galleryid-14857 gallery-columns-2 gallery-size-medium_large'><dl class='gallery-item'>\n\t\t\t<dt class='gallery-icon landscape'>\n\t\t\t\t<a  href='https:\/\/www.zsmasaryk.cz\/wp-content\/uploads\/2026\/03\/20260227_085425-scaled.jpg'><img fetchpriority=\"high\" decoding=\"async\" width=\"768\" height=\"1364\" src=\"https:\/\/www.zsmasaryk.cz\/wp-content\/uploads\/2026\/03\/20260227_085425-768x1364.jpg\" class=\"attachment-medium_large size-medium_large\" alt=\"\" srcset=\"https:\/\/www.zsmasaryk.cz\/wp-content\/uploads\/2026\/03\/20260227_085425-768x1364.jpg 768w, https:\/\/www.zsmasaryk.cz\/wp-content\/uploads\/2026\/03\/20260227_085425-100x177.jpg 100w, https:\/\/www.zsmasaryk.cz\/wp-content\/uploads\/2026\/03\/20260227_085425-230x408.jpg 230w\" sizes=\"(max-width: 768px) 100vw, 768px\" \/><\/a>\n\t\t\t<\/dt><\/dl><dl class='gallery-item'>\n\t\t\t<dt class='gallery-icon landscape'>\n\t\t\t\t<a  href='https:\/\/www.zsmasaryk.cz\/wp-content\/uploads\/2026\/03\/20260227_085459-scaled.jpg'><img decoding=\"async\" width=\"768\" height=\"1364\" src=\"https:\/\/www.zsmasaryk.cz\/wp-content\/uploads\/2026\/03\/20260227_085459-768x1364.jpg\" class=\"attachment-medium_large size-medium_large\" alt=\"\" srcset=\"https:\/\/www.zsmasaryk.cz\/wp-content\/uploads\/2026\/03\/20260227_085459-768x1364.jpg 768w, https:\/\/www.zsmasaryk.cz\/wp-content\/uploads\/2026\/03\/20260227_085459-100x177.jpg 100w, https:\/\/www.zsmasaryk.cz\/wp-content\/uploads\/2026\/03\/20260227_085459-230x408.jpg 230w\" sizes=\"(max-width: 768px) 100vw, 768px\" \/><\/a>\n\t\t\t<\/dt><\/dl><br style=\"clear: both\" \/>\n\t\t<\/div>\n\t\t<\/div>\n\t\t\t\t\t\t<\/div>\n\t\t\t\t\t<\/div>\n\t\t\t\t<\/div>\n\t\t\t\t<\/div>\n\t\t","protected":false},"excerpt":{"rendered":"<p>Valent\u00fdnsk\u00e1 po\u0161ta pot\u0159et\u00ed na na\u0161\u00ed \u0161kole Na na\u0161\u00ed \u0161kole se letos ji\u017e pot\u0159et\u00ed konala obl\u00edben\u00e1 akce s n\u00e1zvem Valent\u00fdnsk\u00e1 po\u0161ta. \u017d\u00e1ci m\u011bli mo\u017enost pot\u011b\u0161it sv\u00e9 spolu\u017e\u00e1ky mil\u00fdm vzkazem nebo p\u0159\u00e1n\u00ed\u010dkem, kter\u00e9 mohli vhodit do p\u0159ipraven\u00e9 krabice um\u00edst\u011bn\u00e9 na stole u&nbsp;vchodu do \u0161koly. B\u011bhem n\u011bkolika dn\u00ed se krabice postupn\u011b zaplnila mnoha p\u0159\u00e1n\u00ed\u010dky a vzkazy. S jejich rozd\u00e1v\u00e1n\u00edm jsme v\u0161ak tentokr\u00e1t museli chv\u00edli po\u010dkat, proto\u017ee \u017e\u00e1ci sedm\u00fdch ro\u010dn\u00edk\u016f byli na ly\u017ea\u0159sk\u00e9m kurzu. Proto se valent\u00fdnsk\u00e1 po\u0161ta doru\u010dovala a\u017e v p\u00e1tek 27. \u00fanora 2026. Rozd\u00e1v\u00e1n\u00ed p\u0159\u00e1n\u00ed\u010dek se ujaly \u017e\u00e1kyn\u011b dev\u00e1t\u00e9ho ro\u010dn\u00edku, kter\u00e9 vzkazy roznesly do jednotliv\u00fdch t\u0159\u00edd. Mnoho \u017e\u00e1k\u016f bylo p\u0159\u00edjemn\u011b p\u0159ekvapeno a \u00fasm\u011bvy na jejich tv\u00e1\u0159\u00edch uk\u00e1zaly, \u017ee i mal\u00e9 p\u0159\u00e1n\u00ed\u010dko dok\u00e1\u017ee ud\u011blat velkou radost. Jsme r\u00e1di, \u017ee se tato mil\u00e1 tradice na na\u0161\u00ed \u0161kole udr\u017euje, a v\u011b\u0159\u00edme, \u017ee Valent\u00fdnsk\u00e1 po\u0161ta pot\u011b\u0161\u00ed \u017e\u00e1ky i v p\u0159\u00ed\u0161t\u00edch letech.<\/p>\n","protected":false},"author":2,"featured_media":14855,"comment_status":"closed","ping_status":"closed","sticky":false,"template":"","format":"standard","meta":{"footnotes":""},"categories":[17,16],"tags":[],"class_list":["post-14857","post","type-post","status-publish","format-standard","has-post-thumbnail","hentry","category-akce","category-aktuality"],"rttpg_featured_image_url":{"full":["https:\/\/www.zsmasaryk.cz\/wp-content\/uploads\/2026\/03\/20260227_085425-scaled.jpg",2560,2560,false],"landscape":["https:\/\/www.zsmasaryk.cz\/wp-content\/uploads\/2026\/03\/20260227_085425-scaled.jpg",2560,2560,false],"portraits":["https:\/\/www.zsmasaryk.cz\/wp-content\/uploads\/2026\/03\/20260227_085425-scaled.jpg",2560,2560,false],"thumbnail":["https:\/\/www.zsmasaryk.cz\/wp-content\/uploads\/2026\/03\/20260227_085425-150x150.jpg",150,150,true],"medium":["https:\/\/www.zsmasaryk.cz\/wp-content\/uploads\/2026\/03\/20260227_085425-300x300.jpg",300,300,true],"large":["https:\/\/www.zsmasaryk.cz\/wp-content\/uploads\/2026\/03\/20260227_085425-1024x1024.jpg",1024,1024,true],"event-post-thumb":["https:\/\/www.zsmasaryk.cz\/wp-content\/uploads\/2026\/03\/20260227_085425-630x300.jpg",630,300,true],"event-post-thumb-box":["https:\/\/www.zsmasaryk.cz\/wp-content\/uploads\/2026\/03\/20260227_085425-300x240.jpg",300,240,true],"1536x1536":["https:\/\/www.zsmasaryk.cz\/wp-content\/uploads\/2026\/03\/20260227_085425-1536x1536.jpg",1536,1536,true],"2048x2048":["https:\/\/www.zsmasaryk.cz\/wp-content\/uploads\/2026\/03\/20260227_085425-2048x2048.jpg",2048,2048,true],"team-thumb-admin":["https:\/\/www.zsmasaryk.cz\/wp-content\/uploads\/2026\/03\/20260227_085425-100x177.jpg",100,177,true],"team-230":["https:\/\/www.zsmasaryk.cz\/wp-content\/uploads\/2026\/03\/20260227_085425-230x408.jpg",230,408,true]},"rttpg_author":{"display_name":"admin","author_link":"https:\/\/www.zsmasaryk.cz\/index.php\/author\/admin\/"},"rttpg_comment":0,"rttpg_category":"<a href=\"https:\/\/www.zsmasaryk.cz\/index.php\/category\/akce\/\" rel=\"category tag\">Akce \u0161koly<\/a> <a href=\"https:\/\/www.zsmasaryk.cz\/index.php\/category\/aktuality\/\" rel=\"category tag\">Aktuality<\/a>","rttpg_excerpt":"Valent\u00fdnsk\u00e1 po\u0161ta pot\u0159et\u00ed na na\u0161\u00ed \u0161kole Na na\u0161\u00ed \u0161kole se letos ji\u017e pot\u0159et\u00ed konala obl\u00edben\u00e1 akce s n\u00e1zvem Valent\u00fdnsk\u00e1 po\u0161ta. \u017d\u00e1ci m\u011bli mo\u017enost pot\u011b\u0161it sv\u00e9 spolu\u017e\u00e1ky mil\u00fdm vzkazem nebo p\u0159\u00e1n\u00ed\u010dkem, kter\u00e9 mohli vhodit do p\u0159ipraven\u00e9 krabice um\u00edst\u011bn\u00e9 na stole u&nbsp;vchodu do \u0161koly. B\u011bhem n\u011bkolika dn\u00ed se krabice postupn\u011b zaplnila mnoha p\u0159\u00e1n\u00ed\u010dky a vzkazy. S jejich&hellip;","_links":{"self":[{"href":"https:\/\/www.zsmasaryk.cz\/index.php\/wp-json\/wp\/v2\/posts\/14857","targetHints":{"allow":["GET"]}}],"collection":[{"href":"https:\/\/www.zsmasaryk.cz\/index.php\/wp-json\/wp\/v2\/posts"}],"about":[{"href":"https:\/\/www.zsmasaryk.cz\/index.php\/wp-json\/wp\/v2\/types\/post"}],"author":[{"embeddable":true,"href":"https:\/\/www.zsmasaryk.cz\/index.php\/wp-json\/wp\/v2\/users\/2"}],"replies":[{"embeddable":true,"href":"https:\/\/www.zsmasaryk.cz\/index.php\/wp-json\/wp\/v2\/comments?post=14857"}],"version-history":[{"count":4,"href":"https:\/\/www.zsmasaryk.cz\/index.php\/wp-json\/wp\/v2\/posts\/14857\/revisions"}],"predecessor-version":[{"id":14861,"href":"https:\/\/www.zsmasaryk.cz\/index.php\/wp-json\/wp\/v2\/posts\/14857\/revisions\/14861"}],"wp:featuredmedia":[{"embeddable":true,"href":"https:\/\/www.zsmasaryk.cz\/index.php\/wp-json\/wp\/v2\/media\/14855"}],"wp:attachment":[{"href":"https:\/\/www.zsmasaryk.cz\/index.php\/wp-json\/wp\/v2\/media?parent=14857"}],"wp:term":[{"taxonomy":"category","embeddable":true,"href":"https:\/\/www.zsmasaryk.cz\/index.php\/wp-json\/wp\/v2\/categories?post=14857"},{"taxonomy":"post_tag","embeddable":true,"href":"https:\/\/www.zsmasaryk.cz\/index.php\/wp-json\/wp\/v2\/tags?post=14857"}],"curies":[{"name":"wp","href":"https:\/\/api.w.org\/{rel}","templated":true}]}}