{"id":14952,"date":"2026-04-27T10:20:44","date_gmt":"2026-04-27T10:20:44","guid":{"rendered":"https:\/\/www.zsmasaryk.cz\/?p=14952"},"modified":"2026-04-27T10:23:21","modified_gmt":"2026-04-27T10:23:21","slug":"recitacni-soutez-4-a-5-trid","status":"publish","type":"post","link":"https:\/\/www.zsmasaryk.cz\/index.php\/2026\/04\/27\/recitacni-soutez-4-a-5-trid\/","title":{"rendered":"RECITA\u010cN\u00cd SOUT\u011a\u017d 4. A 5. T\u0158\u00cdD"},"content":{"rendered":"\n<p>Ve st\u0159edu 22. dubna 2026 se konalo \u0161koln\u00ed kolo recita\u010dn\u00ed sout\u011b\u017ee 4. a 5. t\u0159\u00edd. Z\u00fa\u010dastnilo se ho celkem 14 \u017e\u00e1k\u016f, ostatn\u00ed spolu\u017e\u00e1ci jim fandili v publiku. Odbornou porotu vytvo\u0159ily jejich pan\u00ed u\u010ditelky \u010desk\u00e9ho a anglick\u00e9ho jazyka.<\/p>\n\n\n\n<p>D\u011bti kr\u00e1sn\u011b p\u0159edn\u00e1\u0161ely vesel\u00e9 b\u00e1sn\u011b o zv\u00ed\u0159\u00e1tk\u00e1ch, poh\u00e1dkov\u00e9 p\u0159\u00edb\u011bhy a taky texty oslavuj\u00edc\u00ed ostravsk\u00fd fotbalov\u00fd klub Ban\u00edk. P\u0159ekvapen\u00edm byla b\u00e1se\u0148 v la\u0161sk\u00e9m n\u00e1\u0159e\u010d\u00ed. P\u0159\u00edjemn\u00fdm zpest\u0159en\u00edm bylo vystoupen\u00ed Eli\u0161ky Rusk\u00e9, kter\u00e1 recitovala b\u00e1sni\u010dku jej\u00edho tat\u00ednka.<\/p>\n\n\n\n<p>Odborn\u00e1 porota nakonec vyhl\u00e1sila tyto v\u00fdsledky:<\/p>\n\n\n\n<p>Nejlep\u0161\u00edm recit\u00e1torem ze 4. a 5. t\u0159\u00edd se stal pro tento rok Jakub Van\u011bk ze 4. B t\u0159\u00eddy. Druh\u00e9 m\u00edsto obsadila Maru\u0161ka Zajacov\u00e1 z 5. B t\u0159\u00eddy. Na t\u0159et\u00edm m\u00edst\u011b se um\u00edstil Honza Bil\u00edk ze 4. A a Filip Groba\u0159 z 5. A.<\/p>\n\n\n\n<p>V\u0161em z\u00fa\u010dastn\u011bn\u00fdm d\u011bkujeme za kr\u00e1sn\u00fd um\u011bleck\u00fd z\u00e1\u017eitek, d\u011btem v publiku za velkou podporu recituj\u00edc\u00edch kamar\u00e1d\u016f. V\u00edt\u011bz\u016fm gratulujeme a p\u0159ejeme mnoho recit\u00e1torsk\u00fdch \u00fasp\u011bch\u016f v dal\u0161\u00edch sout\u011b\u017e\u00edch.<\/p>\n\n\n\n<p class=\"has-text-align-center\"><strong><a href=\"https:\/\/www.rajce.idnes.cz\/bawaja\/album\/recitacni-soutez-4-a-5-trid\" target=\"_blank\" rel=\"noreferrer noopener\">FOTOGALERIE<\/a><\/strong><\/p>\n\n\n\n<p class=\"has-text-align-right\">pan\u00ed u\u010ditelky z odborn\u00e9 poroty<\/p>\n\n\n\n<p><\/p>\n","protected":false},"excerpt":{"rendered":"<p>Ve st\u0159edu 22. dubna 2026 se konalo \u0161koln\u00ed kolo recita\u010dn\u00ed sout\u011b\u017ee 4. a 5. t\u0159\u00edd. Z\u00fa\u010dastnilo se ho celkem 14 \u017e\u00e1k\u016f, ostatn\u00ed spolu\u017e\u00e1ci jim fandili v publiku. Odbornou porotu vytvo\u0159ily jejich pan\u00ed u\u010ditelky \u010desk\u00e9ho a anglick\u00e9ho jazyka. D\u011bti kr\u00e1sn\u011b p\u0159edn\u00e1\u0161ely vesel\u00e9 b\u00e1sn\u011b o zv\u00ed\u0159\u00e1tk\u00e1ch, poh\u00e1dkov\u00e9 p\u0159\u00edb\u011bhy a taky texty oslavuj\u00edc\u00ed ostravsk\u00fd fotbalov\u00fd klub Ban\u00edk. P\u0159ekvapen\u00edm byla b\u00e1se\u0148 v la\u0161sk\u00e9m n\u00e1\u0159e\u010d\u00ed. P\u0159\u00edjemn\u00fdm zpest\u0159en\u00edm bylo vystoupen\u00ed Eli\u0161ky Rusk\u00e9, kter\u00e1 recitovala b\u00e1sni\u010dku jej\u00edho tat\u00ednka. Odborn\u00e1 porota nakonec vyhl\u00e1sila tyto v\u00fdsledky: Nejlep\u0161\u00edm recit\u00e1torem ze 4. a 5. t\u0159\u00edd se stal pro tento rok Jakub Van\u011bk ze 4. B t\u0159\u00eddy. Druh\u00e9 m\u00edsto obsadila Maru\u0161ka Zajacov\u00e1 z 5. B t\u0159\u00eddy. Na t\u0159et\u00edm m\u00edst\u011b se um\u00edstil Honza Bil\u00edk ze 4. A a Filip Groba\u0159 z 5. A. V\u0161em z\u00fa\u010dastn\u011bn\u00fdm d\u011bkujeme za kr\u00e1sn\u00fd um\u011bleck\u00fd z\u00e1\u017eitek, d\u011btem v publiku za velkou podporu recituj\u00edc\u00edch kamar\u00e1d\u016f. V\u00edt\u011bz\u016fm gratulujeme a p\u0159ejeme mnoho recit\u00e1torsk\u00fdch \u00fasp\u011bch\u016f v dal\u0161\u00edch sout\u011b\u017e\u00edch. FOTOGALERIE pan\u00ed u\u010ditelky z odborn\u00e9 poroty<\/p>\n","protected":false},"author":2,"featured_media":14954,"comment_status":"closed","ping_status":"closed","sticky":false,"template":"","format":"standard","meta":{"footnotes":""},"categories":[17,16],"tags":[],"class_list":["post-14952","post","type-post","status-publish","format-standard","has-post-thumbnail","hentry","category-akce","category-aktuality"],"rttpg_featured_image_url":{"full":["https:\/\/www.zsmasaryk.cz\/wp-content\/uploads\/2026\/04\/IMG_4191-scaled.jpeg",2560,2560,false],"landscape":["https:\/\/www.zsmasaryk.cz\/wp-content\/uploads\/2026\/04\/IMG_4191-scaled.jpeg",2560,2560,false],"portraits":["https:\/\/www.zsmasaryk.cz\/wp-content\/uploads\/2026\/04\/IMG_4191-scaled.jpeg",2560,2560,false],"thumbnail":["https:\/\/www.zsmasaryk.cz\/wp-content\/uploads\/2026\/04\/IMG_4191-150x150.jpeg",150,150,true],"medium":["https:\/\/www.zsmasaryk.cz\/wp-content\/uploads\/2026\/04\/IMG_4191-300x300.jpeg",300,300,true],"large":["https:\/\/www.zsmasaryk.cz\/wp-content\/uploads\/2026\/04\/IMG_4191-1024x1024.jpeg",1024,1024,true],"event-post-thumb":["https:\/\/www.zsmasaryk.cz\/wp-content\/uploads\/2026\/04\/IMG_4191-630x300.jpeg",630,300,true],"event-post-thumb-box":["https:\/\/www.zsmasaryk.cz\/wp-content\/uploads\/2026\/04\/IMG_4191-300x240.jpeg",300,240,true],"1536x1536":["https:\/\/www.zsmasaryk.cz\/wp-content\/uploads\/2026\/04\/IMG_4191-1536x1536.jpeg",1536,1536,true],"2048x2048":["https:\/\/www.zsmasaryk.cz\/wp-content\/uploads\/2026\/04\/IMG_4191-2048x2048.jpeg",2048,2048,true],"team-thumb-admin":["https:\/\/www.zsmasaryk.cz\/wp-content\/uploads\/2026\/04\/IMG_4191-100x75.jpeg",100,75,true],"team-230":["https:\/\/www.zsmasaryk.cz\/wp-content\/uploads\/2026\/04\/IMG_4191-230x172.jpeg",230,172,true]},"rttpg_author":{"display_name":"admin","author_link":"https:\/\/www.zsmasaryk.cz\/index.php\/author\/admin\/"},"rttpg_comment":0,"rttpg_category":"<a href=\"https:\/\/www.zsmasaryk.cz\/index.php\/category\/akce\/\" rel=\"category tag\">Akce \u0161koly<\/a> <a href=\"https:\/\/www.zsmasaryk.cz\/index.php\/category\/aktuality\/\" rel=\"category tag\">Aktuality<\/a>","rttpg_excerpt":"Ve st\u0159edu 22. dubna 2026 se konalo \u0161koln\u00ed kolo recita\u010dn\u00ed sout\u011b\u017ee 4. a 5. t\u0159\u00edd. Z\u00fa\u010dastnilo se ho celkem 14 \u017e\u00e1k\u016f, ostatn\u00ed spolu\u017e\u00e1ci jim fandili v publiku. Odbornou porotu vytvo\u0159ily jejich pan\u00ed u\u010ditelky \u010desk\u00e9ho a anglick\u00e9ho jazyka. D\u011bti kr\u00e1sn\u011b p\u0159edn\u00e1\u0161ely vesel\u00e9 b\u00e1sn\u011b o zv\u00ed\u0159\u00e1tk\u00e1ch, poh\u00e1dkov\u00e9 p\u0159\u00edb\u011bhy a taky texty oslavuj\u00edc\u00ed ostravsk\u00fd fotbalov\u00fd klub Ban\u00edk. P\u0159ekvapen\u00edm&hellip;","_links":{"self":[{"href":"https:\/\/www.zsmasaryk.cz\/index.php\/wp-json\/wp\/v2\/posts\/14952","targetHints":{"allow":["GET"]}}],"collection":[{"href":"https:\/\/www.zsmasaryk.cz\/index.php\/wp-json\/wp\/v2\/posts"}],"about":[{"href":"https:\/\/www.zsmasaryk.cz\/index.php\/wp-json\/wp\/v2\/types\/post"}],"author":[{"embeddable":true,"href":"https:\/\/www.zsmasaryk.cz\/index.php\/wp-json\/wp\/v2\/users\/2"}],"replies":[{"embeddable":true,"href":"https:\/\/www.zsmasaryk.cz\/index.php\/wp-json\/wp\/v2\/comments?post=14952"}],"version-history":[{"count":2,"href":"https:\/\/www.zsmasaryk.cz\/index.php\/wp-json\/wp\/v2\/posts\/14952\/revisions"}],"predecessor-version":[{"id":14956,"href":"https:\/\/www.zsmasaryk.cz\/index.php\/wp-json\/wp\/v2\/posts\/14952\/revisions\/14956"}],"wp:featuredmedia":[{"embeddable":true,"href":"https:\/\/www.zsmasaryk.cz\/index.php\/wp-json\/wp\/v2\/media\/14954"}],"wp:attachment":[{"href":"https:\/\/www.zsmasaryk.cz\/index.php\/wp-json\/wp\/v2\/media?parent=14952"}],"wp:term":[{"taxonomy":"category","embeddable":true,"href":"https:\/\/www.zsmasaryk.cz\/index.php\/wp-json\/wp\/v2\/categories?post=14952"},{"taxonomy":"post_tag","embeddable":true,"href":"https:\/\/www.zsmasaryk.cz\/index.php\/wp-json\/wp\/v2\/tags?post=14952"}],"curies":[{"name":"wp","href":"https:\/\/api.w.org\/{rel}","templated":true}]}}