{"id":14963,"date":"2026-04-28T09:49:42","date_gmt":"2026-04-28T09:49:42","guid":{"rendered":"https:\/\/www.zsmasaryk.cz\/?p=14963"},"modified":"2026-04-28T09:52:38","modified_gmt":"2026-04-28T09:52:38","slug":"skolni-druzina-uklizela-vratimov","status":"publish","type":"post","link":"https:\/\/www.zsmasaryk.cz\/index.php\/2026\/04\/28\/skolni-druzina-uklizela-vratimov\/","title":{"rendered":"\u0160KOLN\u00cd DRU\u017dINA UKL\u00cdZELA VRATIMOV"},"content":{"rendered":"\n<p>U\u017e za\u010d\u00e1tkem jara se \u0161koln\u00ed dru\u017eina, jako ka\u017ed\u00fd rok, pustila do \u00faklidu sv\u00e9ho m\u011bsta. Tato ka\u017edoro\u010dn\u00ed dru\u017einov\u00e1 akce pat\u0159\u00ed mezi obl\u00edben\u00e9 tradice, na kter\u00e9 se d\u011bti v\u017edy velmi t\u011b\u0161\u00ed. S nad\u0161en\u00edm vyr\u00e1\u017eej\u00ed do ulic, park\u016f i okol\u00ed \u0161koly, aby pomohly p\u0159\u00edrod\u011b a z\u00e1rove\u0148 p\u0159isp\u011bly k \u010dist\u011bj\u0161\u00edmu prost\u0159ed\u00ed. Ani letos nep\u0159est\u00e1valy d\u011bti p\u0159i \u00faklidu \u017easnout, kolik odpadu se v okol\u00ed nach\u00e1z\u00ed. Do pap\u00edrov\u00fdch ta\u0161ek sb\u00edraly plastov\u00e9 lahve, pap\u00edr, sklo i r\u016fzn\u00e9 kovov\u00e9 p\u0159edm\u011bty. Nechyb\u011bly ani neobvykl\u00e9 n\u00e1lezy, nap\u0159\u00edklad star\u00e9 \u017eelezn\u00e9 kbel\u00edky, oble\u010den\u00ed a dal\u0161\u00ed odhozen\u00e9 v\u011bci, kter\u00e9 do p\u0159\u00edrody rozhodn\u011b nepat\u0159\u00ed. Nasb\u00edran\u00fd odpad d\u011bti pe\u010dliv\u011b rozt\u0159\u00eddily podle pravidel t\u0159\u00edd\u011bn\u00ed, kter\u00e1 znaj\u00ed ze \u0161koly. Plasty putovaly do \u017elut\u00fdch kontejner\u016f, pap\u00edr do modr\u00fdch a sklo do zelen\u00fdch. D\u00edky jejich snaze se poda\u0159ilo nejen uklidit okol\u00ed \u0161koly, ale tak\u00e9 p\u0159ipomenout, jak je d\u016fle\u017eit\u00e9 chovat se k p\u0159\u00edrod\u011b ohledupln\u011b. Velk\u00e9 pod\u011bkov\u00e1n\u00ed pat\u0159\u00ed v\u0161em d\u011btem z na\u0161\u00ed \u0161koln\u00ed dru\u017einy za jejich energii a ochotu pom\u00e1hat. V\u011b\u0159\u00edme, \u017ee jejich p\u0159\u00edklad inspiruje n\u00e1s v\u0161echny.<\/p>\n\n\n\n<p class=\"has-text-align-right\">Simona, Alena &#8211; vychovatelky \u0161koln\u00ed dru\u017einy <\/p>\n\n\n\n<p><\/p>\n","protected":false},"excerpt":{"rendered":"<p>U\u017e za\u010d\u00e1tkem jara se \u0161koln\u00ed dru\u017eina, jako ka\u017ed\u00fd rok, pustila do \u00faklidu sv\u00e9ho m\u011bsta. Tato ka\u017edoro\u010dn\u00ed dru\u017einov\u00e1 akce pat\u0159\u00ed mezi obl\u00edben\u00e9 tradice, na kter\u00e9 se d\u011bti v\u017edy velmi t\u011b\u0161\u00ed. S nad\u0161en\u00edm vyr\u00e1\u017eej\u00ed do ulic, park\u016f i okol\u00ed \u0161koly, aby pomohly p\u0159\u00edrod\u011b a z\u00e1rove\u0148 p\u0159isp\u011bly k \u010dist\u011bj\u0161\u00edmu prost\u0159ed\u00ed. Ani letos nep\u0159est\u00e1valy d\u011bti p\u0159i \u00faklidu \u017easnout, kolik odpadu se v okol\u00ed nach\u00e1z\u00ed. Do pap\u00edrov\u00fdch ta\u0161ek sb\u00edraly plastov\u00e9 lahve, pap\u00edr, sklo i r\u016fzn\u00e9 kovov\u00e9 p\u0159edm\u011bty. Nechyb\u011bly ani neobvykl\u00e9 n\u00e1lezy, nap\u0159\u00edklad star\u00e9 \u017eelezn\u00e9 kbel\u00edky, oble\u010den\u00ed a dal\u0161\u00ed odhozen\u00e9 v\u011bci, kter\u00e9 do p\u0159\u00edrody rozhodn\u011b nepat\u0159\u00ed. Nasb\u00edran\u00fd odpad d\u011bti pe\u010dliv\u011b rozt\u0159\u00eddily podle pravidel t\u0159\u00edd\u011bn\u00ed, kter\u00e1 znaj\u00ed ze \u0161koly. Plasty putovaly do \u017elut\u00fdch kontejner\u016f, pap\u00edr do modr\u00fdch a sklo do zelen\u00fdch. D\u00edky jejich snaze se poda\u0159ilo nejen uklidit okol\u00ed \u0161koly, ale tak\u00e9 p\u0159ipomenout, jak je d\u016fle\u017eit\u00e9 chovat se k p\u0159\u00edrod\u011b ohledupln\u011b. Velk\u00e9 pod\u011bkov\u00e1n\u00ed pat\u0159\u00ed v\u0161em d\u011btem z na\u0161\u00ed \u0161koln\u00ed dru\u017einy za jejich energii a ochotu pom\u00e1hat. V\u011b\u0159\u00edme, \u017ee jejich p\u0159\u00edklad inspiruje n\u00e1s v\u0161echny. Simona, Alena &#8211; vychovatelky \u0161koln\u00ed dru\u017einy<\/p>\n","protected":false},"author":2,"featured_media":14965,"comment_status":"closed","ping_status":"closed","sticky":false,"template":"","format":"standard","meta":{"footnotes":""},"categories":[17,16,196],"tags":[],"class_list":["post-14963","post","type-post","status-publish","format-standard","has-post-thumbnail","hentry","category-akce","category-aktuality","category-skolni-druzina"],"rttpg_featured_image_url":{"full":["https:\/\/www.zsmasaryk.cz\/wp-content\/uploads\/2026\/04\/original-F9AB0AF7-A683-4DC0-B91D-7B9C606E3468-1.jpeg",1600,1200,false],"landscape":["https:\/\/www.zsmasaryk.cz\/wp-content\/uploads\/2026\/04\/original-F9AB0AF7-A683-4DC0-B91D-7B9C606E3468-1.jpeg",1600,1200,false],"portraits":["https:\/\/www.zsmasaryk.cz\/wp-content\/uploads\/2026\/04\/original-F9AB0AF7-A683-4DC0-B91D-7B9C606E3468-1.jpeg",1600,1200,false],"thumbnail":["https:\/\/www.zsmasaryk.cz\/wp-content\/uploads\/2026\/04\/original-F9AB0AF7-A683-4DC0-B91D-7B9C606E3468-1-150x150.jpeg",150,150,true],"medium":["https:\/\/www.zsmasaryk.cz\/wp-content\/uploads\/2026\/04\/original-F9AB0AF7-A683-4DC0-B91D-7B9C606E3468-1-300x300.jpeg",300,300,true],"large":["https:\/\/www.zsmasaryk.cz\/wp-content\/uploads\/2026\/04\/original-F9AB0AF7-A683-4DC0-B91D-7B9C606E3468-1-1024x1024.jpeg",1024,1024,true],"event-post-thumb":["https:\/\/www.zsmasaryk.cz\/wp-content\/uploads\/2026\/04\/original-F9AB0AF7-A683-4DC0-B91D-7B9C606E3468-1-630x300.jpeg",630,300,true],"event-post-thumb-box":["https:\/\/www.zsmasaryk.cz\/wp-content\/uploads\/2026\/04\/original-F9AB0AF7-A683-4DC0-B91D-7B9C606E3468-1-300x240.jpeg",300,240,true],"1536x1536":["https:\/\/www.zsmasaryk.cz\/wp-content\/uploads\/2026\/04\/original-F9AB0AF7-A683-4DC0-B91D-7B9C606E3468-1-1536x1536.jpeg",1536,1536,true],"2048x2048":["https:\/\/www.zsmasaryk.cz\/wp-content\/uploads\/2026\/04\/original-F9AB0AF7-A683-4DC0-B91D-7B9C606E3468-1-2048x2048.jpeg",2048,2048,true],"team-thumb-admin":["https:\/\/www.zsmasaryk.cz\/wp-content\/uploads\/2026\/04\/original-F9AB0AF7-A683-4DC0-B91D-7B9C606E3468-1-100x75.jpeg",100,75,true],"team-230":["https:\/\/www.zsmasaryk.cz\/wp-content\/uploads\/2026\/04\/original-F9AB0AF7-A683-4DC0-B91D-7B9C606E3468-1-230x172.jpeg",230,172,true]},"rttpg_author":{"display_name":"admin","author_link":"https:\/\/www.zsmasaryk.cz\/index.php\/author\/admin\/"},"rttpg_comment":0,"rttpg_category":"<a href=\"https:\/\/www.zsmasaryk.cz\/index.php\/category\/akce\/\" rel=\"category tag\">Akce \u0161koly<\/a> <a href=\"https:\/\/www.zsmasaryk.cz\/index.php\/category\/aktuality\/\" rel=\"category tag\">Aktuality<\/a> <a href=\"https:\/\/www.zsmasaryk.cz\/index.php\/category\/skolni-druzina\/\" rel=\"category tag\">\u0160koln\u00ed dru\u017eina<\/a>","rttpg_excerpt":"U\u017e za\u010d\u00e1tkem jara se \u0161koln\u00ed dru\u017eina, jako ka\u017ed\u00fd rok, pustila do \u00faklidu sv\u00e9ho m\u011bsta. Tato ka\u017edoro\u010dn\u00ed dru\u017einov\u00e1 akce pat\u0159\u00ed mezi obl\u00edben\u00e9 tradice, na kter\u00e9 se d\u011bti v\u017edy velmi t\u011b\u0161\u00ed. S nad\u0161en\u00edm vyr\u00e1\u017eej\u00ed do ulic, park\u016f i okol\u00ed \u0161koly, aby pomohly p\u0159\u00edrod\u011b a z\u00e1rove\u0148 p\u0159isp\u011bly k \u010dist\u011bj\u0161\u00edmu prost\u0159ed\u00ed. Ani letos nep\u0159est\u00e1valy d\u011bti p\u0159i \u00faklidu \u017easnout, kolik&hellip;","_links":{"self":[{"href":"https:\/\/www.zsmasaryk.cz\/index.php\/wp-json\/wp\/v2\/posts\/14963","targetHints":{"allow":["GET"]}}],"collection":[{"href":"https:\/\/www.zsmasaryk.cz\/index.php\/wp-json\/wp\/v2\/posts"}],"about":[{"href":"https:\/\/www.zsmasaryk.cz\/index.php\/wp-json\/wp\/v2\/types\/post"}],"author":[{"embeddable":true,"href":"https:\/\/www.zsmasaryk.cz\/index.php\/wp-json\/wp\/v2\/users\/2"}],"replies":[{"embeddable":true,"href":"https:\/\/www.zsmasaryk.cz\/index.php\/wp-json\/wp\/v2\/comments?post=14963"}],"version-history":[{"count":2,"href":"https:\/\/www.zsmasaryk.cz\/index.php\/wp-json\/wp\/v2\/posts\/14963\/revisions"}],"predecessor-version":[{"id":14966,"href":"https:\/\/www.zsmasaryk.cz\/index.php\/wp-json\/wp\/v2\/posts\/14963\/revisions\/14966"}],"wp:featuredmedia":[{"embeddable":true,"href":"https:\/\/www.zsmasaryk.cz\/index.php\/wp-json\/wp\/v2\/media\/14965"}],"wp:attachment":[{"href":"https:\/\/www.zsmasaryk.cz\/index.php\/wp-json\/wp\/v2\/media?parent=14963"}],"wp:term":[{"taxonomy":"category","embeddable":true,"href":"https:\/\/www.zsmasaryk.cz\/index.php\/wp-json\/wp\/v2\/categories?post=14963"},{"taxonomy":"post_tag","embeddable":true,"href":"https:\/\/www.zsmasaryk.cz\/index.php\/wp-json\/wp\/v2\/tags?post=14963"}],"curies":[{"name":"wp","href":"https:\/\/api.w.org\/{rel}","templated":true}]}}