{"id":9513,"date":"2022-05-25T18:10:52","date_gmt":"2022-05-25T18:10:52","guid":{"rendered":"https:\/\/www.zsmasaryk.cz\/?p=9513"},"modified":"2022-10-02T20:06:34","modified_gmt":"2022-10-02T20:06:34","slug":"turisticky-kurz-9-trid","status":"publish","type":"post","link":"https:\/\/www.zsmasaryk.cz\/index.php\/2022\/05\/25\/turisticky-kurz-9-trid\/","title":{"rendered":"TURISTICK\u00dd KURZ 9. t\u0159\u00edd"},"content":{"rendered":"\n<p><span class=\"has-inline-color has-black-color\">Letos v kv\u011btnu se konal nejen turistick\u00fd kurz 8. ro\u010dn\u00edk\u016f, ale netradi\u010dn\u011b jej t\u0159\u00eddn\u00ed u\u010ditelky Irena Lipt\u00e1kov\u00e1 a Petra Mrnu\u0161t\u00edkov\u00e1 zorganizovaly i pro dev\u00e1\u0165\u00e1ky, kte\u0159\u00ed o tuto akci z d\u016fvodu pandemie v osm\u00e9m ro\u010dn\u00edku p\u0159i\u0161li. Za m\u00edsto sv\u00e9ho pobytu si vybraly n\u00e1dhern\u00e9 m\u00edsto, kter\u00fdm Ramzov\u00e1 v&nbsp;Jesen\u00edk\u00e1ch zcela ur\u010dit\u011b je. &nbsp;<\/span><\/p>\n\n\n\n<p><span class=\"has-inline-color has-black-color\">Po\u010das\u00ed bylo sice vrtkav\u00e9, chv\u00edlemi bylo de\u0161tivo, ale jinak v\u0161em ukazovalo jen svou vl\u00eddnou tv\u00e1\u0159. Program kurzu byl opravdu nabit\u00fd \u2013 n\u00e1v\u0161t\u011bva Jeskyn\u00ed na Pomez\u00ed, proch\u00e1zka po m\u011bst\u011b Jesen\u00edk, ob\u010derstven\u00ed v&nbsp;lesn\u00edm baru a tak\u00e9 dv\u011b pom\u011brn\u011b del\u0161\u00ed t\u00fary, kter\u00e9 daly v\u0161em zabrat. Odm\u011bna za v\u0161echnu tu n\u00e1mahu a kilometry v&nbsp;nohou \u017e\u00e1ky neminula a dostali jedine\u010dnou mo\u017enost vychutnat si vyhl\u00e1\u0161en\u00e9 bor\u016fvkov\u00e9 knedl\u00edky na chat\u011b Paprsek.<\/span><\/p>\n\n\n\n<p><span class=\"has-inline-color has-black-color\">Tento kurz byl posledn\u00ed mo\u017enost\u00ed, kdy mohli \u017e\u00e1ci dev\u00e1t\u00fdch ro\u010dn\u00edk\u016f, kte\u0159\u00ed zanedlouho opust\u00ed na\u0161i z\u00e1kladn\u00ed \u0161kolu, tr\u00e1vit spole\u010dn\u00fd \u010das mimo \u0161koln\u00ed lavice. A vyu\u017eili jej naplno. Op\u00e9kali si \u0161pek\u00e1\u010dky, grilovali hermel\u00edn a zp\u00edvali u ve\u010dern\u00edho t\u00e1bor\u00e1ku, zahr\u00e1li si \u0161i\u0161kovou hru, vytv\u00e1\u0159eli plak\u00e1t o sv\u00e9m pobytu na kurzu, skl\u00e1dali b\u00e1sni\u010dky a posledn\u00ed noc absolvovali venkovn\u00ed no\u010dn\u00ed kv\u00edz, kter\u00fd si pro n\u011b pan\u00ed u\u010ditelky p\u0159ipravily jako p\u0159ekvapen\u00ed na z\u00e1v\u011br. &nbsp;<\/span><\/p>\n\n\n\n<p><span class=\"has-inline-color has-black-color\">Kurz byl pro \u017e\u00e1ky dev\u00e1t\u00fdch ro\u010dn\u00edk\u016f pomyslnou symbolickou te\u010dkou za jejich povinnou \u0161koln\u00ed doch\u00e1zkou. Nezb\u00fdv\u00e1 nic jin\u00e9ho ne\u017e jim pop\u0159\u00e1t hodn\u011b \u0161t\u011bst\u00ed na jejich dal\u0161\u00ed cest\u011b \u017eivotem a vykro\u010den\u00ed t\u00edm spr\u00e1vn\u00fdm sm\u011brem do dal\u0161\u00ed d\u016fle\u017eit\u00e9 etapy jejich \u017eivota, kter\u00fdm je studium na st\u0159edn\u00ed \u0161kole.<\/span><\/p>\n\n\n\n<p class=\"has-text-align-center\"><a href=\"https:\/\/zsmasaryk-my.sharepoint.com\/personal\/mrnustikova_zsmasaryk_cz\/_layouts\/15\/onedrive.aspx?id=%2Fpersonal%2Fmrnustikova%5Fzsmasaryk%5Fcz%2FDocuments%2FTuris%C5%A5%C3%A1k%2016%2E%2D20%2E%20kv%C4%9Btna%202022%2FFotky&amp;ga=1\" target=\"_blank\" rel=\"noreferrer noopener\">FOTOGALERIE<\/a><\/p>\n\n\n\n<p class=\"has-text-align-right\"><span class=\"has-inline-color has-black-color\">Mgr. Irena Lipt\u00e1kov\u00e1, Bc. Petra Mrnu\u0161t\u00edkov\u00e1, t\u0159\u00eddn\u00ed u\u010ditelky 9. t\u0159\u00edd<\/span><\/p>\n","protected":false},"excerpt":{"rendered":"<p>Letos v kv\u011btnu se konal nejen turistick\u00fd kurz 8. ro\u010dn\u00edk\u016f, ale netradi\u010dn\u011b jej t\u0159\u00eddn\u00ed u\u010ditelky Irena Lipt\u00e1kov\u00e1 a Petra Mrnu\u0161t\u00edkov\u00e1 zorganizovaly i pro dev\u00e1\u0165\u00e1ky, kte\u0159\u00ed o tuto akci z d\u016fvodu pandemie v osm\u00e9m ro\u010dn\u00edku p\u0159i\u0161li. Za m\u00edsto sv\u00e9ho pobytu si vybraly n\u00e1dhern\u00e9 m\u00edsto, kter\u00fdm Ramzov\u00e1 v&nbsp;Jesen\u00edk\u00e1ch zcela ur\u010dit\u011b je. &nbsp; Po\u010das\u00ed bylo sice vrtkav\u00e9, chv\u00edlemi bylo de\u0161tivo, ale jinak v\u0161em ukazovalo jen svou vl\u00eddnou tv\u00e1\u0159. Program kurzu byl opravdu nabit\u00fd \u2013 n\u00e1v\u0161t\u011bva Jeskyn\u00ed na Pomez\u00ed, proch\u00e1zka po m\u011bst\u011b Jesen\u00edk, ob\u010derstven\u00ed v&nbsp;lesn\u00edm baru a tak\u00e9 dv\u011b pom\u011brn\u011b del\u0161\u00ed t\u00fary, kter\u00e9 daly v\u0161em zabrat. Odm\u011bna za v\u0161echnu tu n\u00e1mahu a kilometry v&nbsp;nohou \u017e\u00e1ky neminula a dostali jedine\u010dnou mo\u017enost vychutnat si vyhl\u00e1\u0161en\u00e9 bor\u016fvkov\u00e9 knedl\u00edky na chat\u011b Paprsek. Tento kurz byl posledn\u00ed mo\u017enost\u00ed, kdy mohli \u017e\u00e1ci dev\u00e1t\u00fdch ro\u010dn\u00edk\u016f, kte\u0159\u00ed zanedlouho opust\u00ed na\u0161i z\u00e1kladn\u00ed \u0161kolu, tr\u00e1vit spole\u010dn\u00fd \u010das mimo \u0161koln\u00ed lavice. A vyu\u017eili jej naplno. Op\u00e9kali si \u0161pek\u00e1\u010dky, grilovali hermel\u00edn a zp\u00edvali u ve\u010dern\u00edho t\u00e1bor\u00e1ku, zahr\u00e1li si \u0161i\u0161kovou hru, vytv\u00e1\u0159eli plak\u00e1t o sv\u00e9m pobytu na kurzu, skl\u00e1dali b\u00e1sni\u010dky a posledn\u00ed noc absolvovali venkovn\u00ed no\u010dn\u00ed kv\u00edz, kter\u00fd si pro n\u011b pan\u00ed u\u010ditelky p\u0159ipravily jako p\u0159ekvapen\u00ed na z\u00e1v\u011br. &nbsp; Kurz byl pro \u017e\u00e1ky dev\u00e1t\u00fdch ro\u010dn\u00edk\u016f pomyslnou symbolickou te\u010dkou za jejich povinnou \u0161koln\u00ed doch\u00e1zkou. Nezb\u00fdv\u00e1 nic jin\u00e9ho ne\u017e jim pop\u0159\u00e1t hodn\u011b \u0161t\u011bst\u00ed na jejich dal\u0161\u00ed cest\u011b \u017eivotem a vykro\u010den\u00ed t\u00edm spr\u00e1vn\u00fdm sm\u011brem do dal\u0161\u00ed d\u016fle\u017eit\u00e9 etapy jejich \u017eivota, kter\u00fdm je studium na st\u0159edn\u00ed \u0161kole. FOTOGALERIE Mgr. Irena Lipt\u00e1kov\u00e1, Bc. Petra Mrnu\u0161t\u00edkov\u00e1, t\u0159\u00eddn\u00ed u\u010ditelky 9. t\u0159\u00edd<\/p>\n","protected":false},"author":2,"featured_media":0,"comment_status":"open","ping_status":"open","sticky":false,"template":"","format":"standard","meta":{"footnotes":""},"categories":[17],"tags":[],"class_list":["post-9513","post","type-post","status-publish","format-standard","hentry","category-akce"],"rttpg_featured_image_url":null,"rttpg_author":{"display_name":"admin","author_link":"https:\/\/www.zsmasaryk.cz\/index.php\/author\/admin\/"},"rttpg_comment":0,"rttpg_category":"<a href=\"https:\/\/www.zsmasaryk.cz\/index.php\/category\/akce\/\" rel=\"category tag\">Akce \u0161koly<\/a>","rttpg_excerpt":"Letos v kv\u011btnu se konal nejen turistick\u00fd kurz 8. ro\u010dn\u00edk\u016f, ale netradi\u010dn\u011b jej t\u0159\u00eddn\u00ed u\u010ditelky Irena Lipt\u00e1kov\u00e1 a Petra Mrnu\u0161t\u00edkov\u00e1 zorganizovaly i pro dev\u00e1\u0165\u00e1ky, kte\u0159\u00ed o tuto akci z d\u016fvodu pandemie v osm\u00e9m ro\u010dn\u00edku p\u0159i\u0161li. Za m\u00edsto sv\u00e9ho pobytu si vybraly n\u00e1dhern\u00e9 m\u00edsto, kter\u00fdm Ramzov\u00e1 v&nbsp;Jesen\u00edk\u00e1ch zcela ur\u010dit\u011b je. &nbsp; Po\u010das\u00ed bylo sice vrtkav\u00e9, chv\u00edlemi&hellip;","_links":{"self":[{"href":"https:\/\/www.zsmasaryk.cz\/index.php\/wp-json\/wp\/v2\/posts\/9513","targetHints":{"allow":["GET"]}}],"collection":[{"href":"https:\/\/www.zsmasaryk.cz\/index.php\/wp-json\/wp\/v2\/posts"}],"about":[{"href":"https:\/\/www.zsmasaryk.cz\/index.php\/wp-json\/wp\/v2\/types\/post"}],"author":[{"embeddable":true,"href":"https:\/\/www.zsmasaryk.cz\/index.php\/wp-json\/wp\/v2\/users\/2"}],"replies":[{"embeddable":true,"href":"https:\/\/www.zsmasaryk.cz\/index.php\/wp-json\/wp\/v2\/comments?post=9513"}],"version-history":[{"count":0,"href":"https:\/\/www.zsmasaryk.cz\/index.php\/wp-json\/wp\/v2\/posts\/9513\/revisions"}],"wp:attachment":[{"href":"https:\/\/www.zsmasaryk.cz\/index.php\/wp-json\/wp\/v2\/media?parent=9513"}],"wp:term":[{"taxonomy":"category","embeddable":true,"href":"https:\/\/www.zsmasaryk.cz\/index.php\/wp-json\/wp\/v2\/categories?post=9513"},{"taxonomy":"post_tag","embeddable":true,"href":"https:\/\/www.zsmasaryk.cz\/index.php\/wp-json\/wp\/v2\/tags?post=9513"}],"curies":[{"name":"wp","href":"https:\/\/api.w.org\/{rel}","templated":true}]}}