{"id":9679,"date":"2022-06-14T20:03:15","date_gmt":"2022-06-14T20:03:15","guid":{"rendered":"https:\/\/www.zsmasaryk.cz\/?p=9679"},"modified":"2022-10-02T20:06:33","modified_gmt":"2022-10-02T20:06:33","slug":"detsky-den-den-pro-deti","status":"publish","type":"post","link":"https:\/\/www.zsmasaryk.cz\/index.php\/2022\/06\/14\/detsky-den-den-pro-deti\/","title":{"rendered":"D\u011aTSK\u00dd DEN &#8211; DEN PRO D\u011aTI"},"content":{"rendered":"\n<p><span class=\"has-inline-color has-black-color\">V\u00a0\u00fater\u00fd 14. 6. 2022 prob\u011bhl na \u0161koln\u00edm h\u0159i\u0161ti na\u0161\u00ed \u0161koly D\u011btsk\u00fd den, kter\u00fd realizoval Klub rodi\u010d\u016f a p\u0159\u00e1tel \u0161koly ve spolupr\u00e1ci s\u00a0veden\u00edm \u0161koly a \u017e\u00e1k\u016f 9. ro\u010dn\u00edk\u016f. Byl ur\u010den p\u0159edev\u0161\u00edm pro na\u0161e nejmen\u0161\u00ed, tedy pro \u017e\u00e1ky 1. a\u017e 5. t\u0159\u00edd, ale na sv\u00e9 si p\u0159i\u0161li v\u0161ichni, kte\u0159\u00ed jej nav\u0161t\u00edvili.<\/span><\/p>\n\n\n\n<p><span class=\"has-inline-color has-black-color\">Pro d\u011bti p\u0159ichystali \u017e\u00e1ci 9. ro\u010dn\u00edk\u016f celkem dev\u011bt stanovi\u0161\u0165, na kter\u00fdch si mohli vyzkou\u0161et sv\u00e9 dovednosti a schopnosti v\u00a0r\u016fzn\u00fdch discipl\u00edn\u00e1ch, a\u0165 u\u017e se jednalo o sest\u0159elov\u00e1n\u00ed plechovek, j\u00edzdu na kolob\u011b\u017ece, sk\u00e1k\u00e1n\u00ed, h\u00e1d\u00e1n\u00ed ukryt\u00fdch p\u0159edm\u011bt\u016f a\u017e po skl\u00e1d\u00e1n\u00ed puzzle. Za ka\u017edou spln\u011bnou discipl\u00ednu d\u011bti obdr\u017eely drobnou sladkost a raz\u00edtko do sv\u00e9 karti\u010dky, kterou obdr\u017eely na startu. Motivace pro spln\u011bn\u00ed \u00fakol\u016f byla opravdu velik\u00e1 \u2013 po odevzd\u00e1n\u00ed karti\u010dky se v\u0161emi raz\u00edtky si toti\u017e mohly d\u011bti vybrat svou odm\u011bnu, kter\u00e1 m\u011bla podobu velk\u00e9 cukrov\u00e9 vaty a b\u00e1je\u010dn\u00e9ho grilovan\u00e9ho p\u00e1rku. A tak se nebylo co divit, \u017ee se k\u00a0na\u0161im mal\u00fdm sout\u011b\u017e\u00edm p\u0159idali i \u017e\u00e1ci vy\u0161\u0161\u00edch ro\u010dn\u00edk\u016f, kte\u0159\u00ed se p\u0159i\u0161li na Den d\u011bt\u00ed jen tak pod\u00edvat. Nav\u00edc m\u011bly v\u0161echny d\u011bti k\u00a0dispozici zcela zdarma sk\u00e1kac\u00ed hrad, kter\u00fd byl v\u00a0provozu od za\u010d\u00e1tku a\u017e po samotn\u00fd konec cel\u00e9 akce.<\/span><\/p>\n\n\n\n<p><span class=\"has-inline-color has-black-color\">Den d\u011bt\u00ed byl nejen dnem pro d\u011bti, ale tak\u00e9 dnem p\u0159\u00edjemn\u00fdch setk\u00e1n\u00ed. Setk\u00e1n\u00ed jednotliv\u00fdch rodi\u010d\u016f, u\u010ditel\u016f, ale tak\u00e9 setk\u00e1n\u00ed s\u00a0b\u00fdval\u00fdmi \u017e\u00e1ky, kte\u0159\u00ed se akce z\u00fa\u010dastnili u\u017e s\u00a0vlastn\u00edmi d\u011btmi. Po\u010das\u00ed n\u00e1m hr\u00e1lo do karet, a tak si mohli v\u0161ichni z\u00fa\u010dastn\u011bn\u00ed toto odpoledne p\u0159\u00edjemn\u011b u\u017e\u00edt.<\/span><\/p>\n\n\n\n<p class=\"has-text-align-right\"><span class=\"has-inline-color has-black-color\">Mgr. Martina Pelik\u00e1nov\u00e1, \u0159editelka \u0161koly<\/span><\/p>\n","protected":false},"excerpt":{"rendered":"<p>V\u00a0\u00fater\u00fd 14. 6. 2022 prob\u011bhl na \u0161koln\u00edm h\u0159i\u0161ti na\u0161\u00ed \u0161koly D\u011btsk\u00fd den, kter\u00fd realizoval Klub rodi\u010d\u016f a p\u0159\u00e1tel \u0161koly ve spolupr\u00e1ci s\u00a0veden\u00edm \u0161koly a \u017e\u00e1k\u016f 9. ro\u010dn\u00edk\u016f. Byl ur\u010den p\u0159edev\u0161\u00edm pro na\u0161e nejmen\u0161\u00ed, tedy pro \u017e\u00e1ky 1. a\u017e 5. t\u0159\u00edd, ale na sv\u00e9 si p\u0159i\u0161li v\u0161ichni, kte\u0159\u00ed jej nav\u0161t\u00edvili. Pro d\u011bti p\u0159ichystali \u017e\u00e1ci 9. ro\u010dn\u00edk\u016f celkem dev\u011bt stanovi\u0161\u0165, na kter\u00fdch si mohli vyzkou\u0161et sv\u00e9 dovednosti a schopnosti v\u00a0r\u016fzn\u00fdch discipl\u00edn\u00e1ch, a\u0165 u\u017e se jednalo o sest\u0159elov\u00e1n\u00ed plechovek, j\u00edzdu na kolob\u011b\u017ece, sk\u00e1k\u00e1n\u00ed, h\u00e1d\u00e1n\u00ed ukryt\u00fdch p\u0159edm\u011bt\u016f a\u017e po skl\u00e1d\u00e1n\u00ed puzzle. Za ka\u017edou spln\u011bnou discipl\u00ednu d\u011bti obdr\u017eely drobnou sladkost a raz\u00edtko do sv\u00e9 karti\u010dky, kterou obdr\u017eely na startu. Motivace pro spln\u011bn\u00ed \u00fakol\u016f byla opravdu velik\u00e1 \u2013 po odevzd\u00e1n\u00ed karti\u010dky se v\u0161emi raz\u00edtky si toti\u017e mohly d\u011bti vybrat svou odm\u011bnu, kter\u00e1 m\u011bla podobu velk\u00e9 cukrov\u00e9 vaty a b\u00e1je\u010dn\u00e9ho grilovan\u00e9ho p\u00e1rku. A tak se nebylo co divit, \u017ee se k\u00a0na\u0161im mal\u00fdm sout\u011b\u017e\u00edm p\u0159idali i \u017e\u00e1ci vy\u0161\u0161\u00edch ro\u010dn\u00edk\u016f, kte\u0159\u00ed se p\u0159i\u0161li na Den d\u011bt\u00ed jen tak pod\u00edvat. Nav\u00edc m\u011bly v\u0161echny d\u011bti k\u00a0dispozici zcela zdarma sk\u00e1kac\u00ed hrad, kter\u00fd byl v\u00a0provozu od za\u010d\u00e1tku a\u017e po samotn\u00fd konec cel\u00e9 akce. Den d\u011bt\u00ed byl nejen dnem pro d\u011bti, ale tak\u00e9 dnem p\u0159\u00edjemn\u00fdch setk\u00e1n\u00ed. Setk\u00e1n\u00ed jednotliv\u00fdch rodi\u010d\u016f, u\u010ditel\u016f, ale tak\u00e9 setk\u00e1n\u00ed s\u00a0b\u00fdval\u00fdmi \u017e\u00e1ky, kte\u0159\u00ed se akce z\u00fa\u010dastnili u\u017e s\u00a0vlastn\u00edmi d\u011btmi. Po\u010das\u00ed n\u00e1m hr\u00e1lo do karet, a tak si mohli v\u0161ichni z\u00fa\u010dastn\u011bn\u00ed toto odpoledne p\u0159\u00edjemn\u011b u\u017e\u00edt. Mgr. Martina Pelik\u00e1nov\u00e1, \u0159editelka \u0161koly<\/p>\n","protected":false},"author":2,"featured_media":0,"comment_status":"open","ping_status":"open","sticky":false,"template":"","format":"gallery","meta":{"footnotes":""},"categories":[17],"tags":[],"class_list":["post-9679","post","type-post","status-publish","format-gallery","hentry","category-akce","post_format-post-format-gallery"],"rttpg_featured_image_url":null,"rttpg_author":{"display_name":"admin","author_link":"https:\/\/www.zsmasaryk.cz\/index.php\/author\/admin\/"},"rttpg_comment":0,"rttpg_category":"<a href=\"https:\/\/www.zsmasaryk.cz\/index.php\/category\/akce\/\" rel=\"category tag\">Akce \u0161koly<\/a>","rttpg_excerpt":"V\u00a0\u00fater\u00fd 14. 6. 2022 prob\u011bhl na \u0161koln\u00edm h\u0159i\u0161ti na\u0161\u00ed \u0161koly D\u011btsk\u00fd den, kter\u00fd realizoval Klub rodi\u010d\u016f a p\u0159\u00e1tel \u0161koly ve spolupr\u00e1ci s\u00a0veden\u00edm \u0161koly a \u017e\u00e1k\u016f 9. ro\u010dn\u00edk\u016f. Byl ur\u010den p\u0159edev\u0161\u00edm pro na\u0161e nejmen\u0161\u00ed, tedy pro \u017e\u00e1ky 1. a\u017e 5. t\u0159\u00edd, ale na sv\u00e9 si p\u0159i\u0161li v\u0161ichni, kte\u0159\u00ed jej nav\u0161t\u00edvili. Pro d\u011bti p\u0159ichystali \u017e\u00e1ci 9. ro\u010dn\u00edk\u016f&hellip;","_links":{"self":[{"href":"https:\/\/www.zsmasaryk.cz\/index.php\/wp-json\/wp\/v2\/posts\/9679","targetHints":{"allow":["GET"]}}],"collection":[{"href":"https:\/\/www.zsmasaryk.cz\/index.php\/wp-json\/wp\/v2\/posts"}],"about":[{"href":"https:\/\/www.zsmasaryk.cz\/index.php\/wp-json\/wp\/v2\/types\/post"}],"author":[{"embeddable":true,"href":"https:\/\/www.zsmasaryk.cz\/index.php\/wp-json\/wp\/v2\/users\/2"}],"replies":[{"embeddable":true,"href":"https:\/\/www.zsmasaryk.cz\/index.php\/wp-json\/wp\/v2\/comments?post=9679"}],"version-history":[{"count":0,"href":"https:\/\/www.zsmasaryk.cz\/index.php\/wp-json\/wp\/v2\/posts\/9679\/revisions"}],"wp:attachment":[{"href":"https:\/\/www.zsmasaryk.cz\/index.php\/wp-json\/wp\/v2\/media?parent=9679"}],"wp:term":[{"taxonomy":"category","embeddable":true,"href":"https:\/\/www.zsmasaryk.cz\/index.php\/wp-json\/wp\/v2\/categories?post=9679"},{"taxonomy":"post_tag","embeddable":true,"href":"https:\/\/www.zsmasaryk.cz\/index.php\/wp-json\/wp\/v2\/tags?post=9679"}],"curies":[{"name":"wp","href":"https:\/\/api.w.org\/{rel}","templated":true}]}}